{"id":10060,"date":"2014-01-09T00:00:00","date_gmt":"2014-01-09T00:00:00","guid":{"rendered":"https:\/\/www.posestacio.com.br\/?p=5419"},"modified":"2023-06-20T15:46:25","modified_gmt":"2023-06-20T18:46:25","slug":"o-que-alzheimerij","status":"publish","type":"post","link":"https:\/\/www.graduacaobr.com.br\/estacio\/o-que-alzheimerij\/","title":{"rendered":"O que \u00e9 Alzheimer?"},"content":{"rendered":"\nAlzheimer \u00e9 um tipo de dem\u00eancia que provoca problemas com a mem\u00f3ria, pensamento e comportamento.&nbsp;Os sintomas geralmente se desenvolvem lentamente e pioram com o tempo, tornando-se grave o suficiente para interferir nas tarefas di\u00e1rias.<br>\r\n<br>\r\n<strong>Alzheimer e dem\u00eancia b\u00e1sico<br>\r\n<br>\r\n<\/strong><strong>Doen\u00e7a de Alzheimer \u00e9 a forma mais comum de dem\u00eancia,<\/strong>&nbsp;um termo geral para a perda de mem\u00f3ria e outras habilidades intelectuais grave o suficiente para interferir com a vida di\u00e1ria.&nbsp;A doen\u00e7a de Alzheimer \u00e9 respons\u00e1vel por 50 a 80 por cento dos casos de dem\u00eancia.<br>\r\n<br>\r\n<strong>Alzheimer n\u00e3o \u00e9 uma parte normal do envelhecimento,<\/strong>&nbsp;embora o fator de risco mais conhecido seja  o aumento da idade e a maioria das pessoas com doen\u00e7a de Alzheimer tem entre 65 ou mais.&nbsp;Mas a doen\u00e7a de Alzheimer n\u00e3o \u00e9 apenas uma doen\u00e7a da velhice.&nbsp;At\u00e9 5 por cento das pessoas com a doen\u00e7a t\u00eam in\u00edcio precoce de Alzheimer (tamb\u00e9m conhecido como in\u00edcio jovem), que muitas vezes aparece quando algu\u00e9m est\u00e1 na faixa dos 40 ou 50 anos.<br>\r\n<br>\r\n<strong>Alzheimer piora ao longo do tempo.<\/strong>&nbsp;Doen\u00e7a de Alzheimer \u00e9 uma doen\u00e7a progressiva, onde os sintomas da dem\u00eancia pioram gradualmente ao longo de v\u00e1rios anos.&nbsp;Em seus est\u00e1gios iniciais, a perda de mem\u00f3ria \u00e9 leve, mas com est\u00e1gio avan\u00e7ado de Alzheimer, os indiv\u00edduos perdem a capacidade de manter uma conversa e responder ao seu ambiente.&nbsp;Alzheimer \u00e9 a sexta maior causa de morte nos Estados Unidos.&nbsp;Aqueles com a doen\u00e7a de Alzheimer vivem uma m\u00e9dia de oito anos ap\u00f3s os sintomas tornam-se vis\u00edveis para os outros, mas a sobreviv\u00eancia pode variar de quatro a vinte anos, dependendo da idade e outras condi\u00e7\u00f5es de sa\u00fade.<br>\r\n<br>\r\n<strong>Alzheimer n\u00e3o tem cura atual, mas os tratamentos para os sintomas est\u00e3o dispon\u00edveis e investiga\u00e7\u00e3o continua.<\/strong>&nbsp;Embora os tratamentos atuais de Alzheimer n\u00e3o podem parar a doen\u00e7a, eles podem diminuir temporariamente o agravamento dos sintomas da dem\u00eancia e melhorar a qualidade de vida das pessoas.&nbsp;\n","protected":false},"excerpt":{"rendered":"<p>Alzheimer \u00e9 um tipo de dem\u00eancia que provoca problemas com a mem\u00f3ria, pensamento e comportamento.&nbsp;Os sintomas geralmente se desenvolvem lentamente e pioram com o tempo, tornando-se grave o suficiente para interferir nas tarefas di\u00e1rias. Alzheimer e dem\u00eancia b\u00e1sico Doen\u00e7a de Alzheimer \u00e9 a forma mais comum de dem\u00eancia,&nbsp;um termo geral para a perda de mem\u00f3ria [&hellip;]<\/p>\n","protected":false},"author":1,"featured_media":10062,"comment_status":"closed","ping_status":"open","sticky":false,"template":"","format":"standard","meta":{"footnotes":""},"categories":[1],"tags":[],"class_list":["post-10060","post","type-post","status-publish","format-standard","has-post-thumbnail","hentry","category-noticias"],"_links":{"self":[{"href":"https:\/\/www.graduacaobr.com.br\/estacio\/wp-json\/wp\/v2\/posts\/10060","targetHints":{"allow":["GET"]}}],"collection":[{"href":"https:\/\/www.graduacaobr.com.br\/estacio\/wp-json\/wp\/v2\/posts"}],"about":[{"href":"https:\/\/www.graduacaobr.com.br\/estacio\/wp-json\/wp\/v2\/types\/post"}],"author":[{"embeddable":true,"href":"https:\/\/www.graduacaobr.com.br\/estacio\/wp-json\/wp\/v2\/users\/1"}],"replies":[{"embeddable":true,"href":"https:\/\/www.graduacaobr.com.br\/estacio\/wp-json\/wp\/v2\/comments?post=10060"}],"version-history":[{"count":0,"href":"https:\/\/www.graduacaobr.com.br\/estacio\/wp-json\/wp\/v2\/posts\/10060\/revisions"}],"wp:featuredmedia":[{"embeddable":true,"href":"https:\/\/www.graduacaobr.com.br\/estacio\/wp-json\/wp\/v2\/media\/10062"}],"wp:attachment":[{"href":"https:\/\/www.graduacaobr.com.br\/estacio\/wp-json\/wp\/v2\/media?parent=10060"}],"wp:term":[{"taxonomy":"category","embeddable":true,"href":"https:\/\/www.graduacaobr.com.br\/estacio\/wp-json\/wp\/v2\/categories?post=10060"},{"taxonomy":"post_tag","embeddable":true,"href":"https:\/\/www.graduacaobr.com.br\/estacio\/wp-json\/wp\/v2\/tags?post=10060"}],"curies":[{"name":"wp","href":"https:\/\/api.w.org\/{rel}","templated":true}]}}