{"id":10431,"date":"2013-10-22T00:00:00","date_gmt":"2013-10-22T00:00:00","guid":{"rendered":"https:\/\/www.posestacio.com.br\/?p=5419"},"modified":"2023-06-20T15:46:25","modified_gmt":"2023-06-20T18:46:25","slug":"especial-semana-onu","status":"publish","type":"post","link":"https:\/\/www.graduacaobr.com.br\/estacio\/especial-semana-onu\/","title":{"rendered":"Especial Semana ONU"},"content":{"rendered":"\n<div style=\"text-align: center;\"><b>Especial Semana ONU<\/b><\/div><div><br><\/div><div><div style=\"text-align: left;\"><i>A&nbsp;<a href=\"http:\/\/posestacio.com.br\/\" style=\"font-weight: bold;\">p\u00f3s-gradua\u00e7\u00e3o Est\u00e1cio de S\u00e1<\/a>, n<\/i><i>esta semana em que se comemoram os 65 anos de atividades da ONU, <\/i><i>reconhece a import\u00e2ncia de sua hist\u00f3ria e far\u00e1 uma s\u00e9rie de artigos mostrando os trabalhos e as \u00e1reas de atua\u00e7\u00e3o de uma das mais importantes institui\u00e7\u00f5es civis do mundo.<\/i><\/div><br><\/div><div style=\"text-align: right;\"><i><span style=\"font-size: smaller;\"><span style=\"font-size: smaller;\">Rita Alves<\/span><br><br><br><\/span><\/i><\/div><div>\u00c9 interessante lembrar que as a\u00e7\u00f5es da ONU se estendem por outros ve\u00edculos, como a UNESCO (Organiza\u00e7\u00e3o das Na\u00e7\u00f5es Unidas para a Educa\u00e7\u00e3o, a Ci\u00eancia e a Cultura), que promove uma s\u00e9rie de eventos para captar valores para subsidiar as campanhas que promovam a educa\u00e7\u00e3o, a &nbsp;paz e os direitos humanos.<br><br><\/div><div>No Brasil, a primeira representa\u00e7\u00e3o foi estabelecida em 19 de junho de 1964, mas foi em 1990 que a UNESCO assinou um acorde de coopera\u00e7\u00e3o com o Minist\u00e9rio da Educa\u00e7\u00e3o do Brasil.<br><br><\/div><div>Em 1993 assinou-se o primeiro Plano de Trabalho com o MEC, com o intuito de elaborar o Plano Decenal de Educa\u00e7\u00e3o para Todos.<br><br><\/div><div>Atualmente h\u00e1 conv\u00eanios de coopera\u00e7\u00e3o t\u00e9cnica.<br><br><\/div><div>O escrit\u00f3rio da UNESCO em Bras\u00edlia \u00e9 um dos mais importantes p\u00f3los de difus\u00e3o dos trabalhos de todo o mundo e seu principal objetivo \u00e9 colaborar na elabora\u00e7\u00e3o de opera\u00e7\u00f5es de pol\u00edticas p\u00fablicas, em especial as que valorizam a\u00e7\u00f5es em prol do desenvolvimento humano.<\/div><div><br><\/div><div>Conhe\u00e7a os cursos de p\u00f3s-gradua\u00e7\u00e3o que oferecemos na \u00e1rea de <a href=\"http:\/\/posestacio.com.br\/curso-de-pos-graduacao\/educacao\/16\"><b>Educa\u00e7\u00e3o<\/b><\/a>.<\/div><div><br><\/div><div><br><\/div><div><b>Sede da Coordena\u00e7\u00e3o da ONU em Bras\u00edlia:<\/b><\/div><div><br><\/div><div style=\"text-align: center;\"><img decoding=\"async\" src=\"http:\/\/www.onu.org.br\/img\/2012\/11\/casaonu.jpg\"><\/div><div><br><\/div><div><br><\/div><div><br><\/div>\n","protected":false},"excerpt":{"rendered":"<p>Especial Semana ONU A&nbsp;p\u00f3s-gradua\u00e7\u00e3o Est\u00e1cio de S\u00e1, nesta semana em que se comemoram os 65 anos de atividades da ONU, reconhece a import\u00e2ncia de sua hist\u00f3ria e far\u00e1 uma s\u00e9rie de artigos mostrando os trabalhos e as \u00e1reas de atua\u00e7\u00e3o de uma das mais importantes institui\u00e7\u00f5es civis do mundo. Rita Alves \u00c9 interessante lembrar que [&hellip;]<\/p>\n","protected":false},"author":1,"featured_media":10433,"comment_status":"closed","ping_status":"open","sticky":false,"template":"","format":"standard","meta":{"footnotes":""},"categories":[1],"tags":[],"class_list":["post-10431","post","type-post","status-publish","format-standard","has-post-thumbnail","hentry","category-noticias"],"_links":{"self":[{"href":"https:\/\/www.graduacaobr.com.br\/estacio\/wp-json\/wp\/v2\/posts\/10431","targetHints":{"allow":["GET"]}}],"collection":[{"href":"https:\/\/www.graduacaobr.com.br\/estacio\/wp-json\/wp\/v2\/posts"}],"about":[{"href":"https:\/\/www.graduacaobr.com.br\/estacio\/wp-json\/wp\/v2\/types\/post"}],"author":[{"embeddable":true,"href":"https:\/\/www.graduacaobr.com.br\/estacio\/wp-json\/wp\/v2\/users\/1"}],"replies":[{"embeddable":true,"href":"https:\/\/www.graduacaobr.com.br\/estacio\/wp-json\/wp\/v2\/comments?post=10431"}],"version-history":[{"count":0,"href":"https:\/\/www.graduacaobr.com.br\/estacio\/wp-json\/wp\/v2\/posts\/10431\/revisions"}],"wp:featuredmedia":[{"embeddable":true,"href":"https:\/\/www.graduacaobr.com.br\/estacio\/wp-json\/wp\/v2\/media\/10433"}],"wp:attachment":[{"href":"https:\/\/www.graduacaobr.com.br\/estacio\/wp-json\/wp\/v2\/media?parent=10431"}],"wp:term":[{"taxonomy":"category","embeddable":true,"href":"https:\/\/www.graduacaobr.com.br\/estacio\/wp-json\/wp\/v2\/categories?post=10431"},{"taxonomy":"post_tag","embeddable":true,"href":"https:\/\/www.graduacaobr.com.br\/estacio\/wp-json\/wp\/v2\/tags?post=10431"}],"curies":[{"name":"wp","href":"https:\/\/api.w.org\/{rel}","templated":true}]}}