{"id":17777,"date":"2023-08-30T13:39:47","date_gmt":"2023-08-30T16:39:47","guid":{"rendered":"https:\/\/www.posestacio.com.br\/?p=17777"},"modified":"2023-09-13T18:55:05","modified_gmt":"2023-09-13T21:55:05","slug":"qual-diferencial-de-quem-faz-pos-graduacao","status":"publish","type":"post","link":"https:\/\/www.graduacaobr.com.br\/estacio\/qual-diferencial-de-quem-faz-pos-graduacao\/","title":{"rendered":"Qual o diferencial de quem faz uma P\u00f3s-Gradua\u00e7\u00e3o?"},"content":{"rendered":"\t\t<div data-elementor-type=\"wp-post\" data-elementor-id=\"17777\" class=\"elementor elementor-17777\" data-elementor-post-type=\"post\">\n\t\t\t\t\t\t<section class=\"elementor-section elementor-top-section elementor-element elementor-element-404469eb elementor-section-height-min-height elementor-section-stretched elementor-section-boxed elementor-section-height-default elementor-section-items-middle\" data-id=\"404469eb\" data-element_type=\"section\" data-settings=\"{&quot;stretch_section&quot;:&quot;section-stretched&quot;,&quot;background_background&quot;:&quot;gradient&quot;}\">\n\t\t\t\t\t\t<div class=\"elementor-container elementor-column-gap-extended\">\n\t\t\t\t\t<div class=\"elementor-column elementor-col-50 elementor-top-column elementor-element elementor-element-272449a\" data-id=\"272449a\" data-element_type=\"column\">\n\t\t\t<div class=\"elementor-widget-wrap elementor-element-populated\">\n\t\t\t\t\t\t<div class=\"elementor-element elementor-element-74ded2ba elementor-widget elementor-widget-heading\" data-id=\"74ded2ba\" data-element_type=\"widget\" data-widget_type=\"heading.default\">\n\t\t\t\t<div class=\"elementor-widget-container\">\n\t\t\t<h1 class=\"elementor-heading-title elementor-size-default\">Qual o diferencial de quem faz uma P\u00f3s-Gradua\u00e7\u00e3o?<\/h1>\t\t<\/div>\n\t\t\t\t<\/div>\n\t\t\t\t\t<\/div>\n\t\t<\/div>\n\t\t\t\t<div class=\"elementor-column elementor-col-50 elementor-top-column elementor-element elementor-element-4b9c50f\" data-id=\"4b9c50f\" data-element_type=\"column\">\n\t\t\t<div class=\"elementor-widget-wrap elementor-element-populated\">\n\t\t\t\t\t\t<div class=\"elementor-element elementor-element-629eb6b8 elementor-widget elementor-widget-image\" data-id=\"629eb6b8\" data-element_type=\"widget\" data-widget_type=\"image.default\">\n\t\t\t\t<div class=\"elementor-widget-container\">\n\t\t\t\t\t\t\t\t\t\t\t\t\t<img fetchpriority=\"high\" decoding=\"async\" width=\"800\" height=\"511\" src=\"https:\/\/www.graduacaobr.com.br\/estacio\/wp-content\/uploads\/2023\/08\/qual-diferencial-de-quem-faz-pos-graduacao-1024x654.webp\" class=\"attachment-large size-large wp-image-17780\" alt=\"Qual diferencial de quem faz uma p\u00f3s-gradua\u00e7\u00e3o?\" srcset=\"https:\/\/www.graduacaobr.com.br\/estacio\/wp-content\/uploads\/2023\/08\/qual-diferencial-de-quem-faz-pos-graduacao-1024x654.webp 1024w, https:\/\/www.graduacaobr.com.br\/estacio\/wp-content\/uploads\/2023\/08\/qual-diferencial-de-quem-faz-pos-graduacao-300x192.webp 300w, https:\/\/www.graduacaobr.com.br\/estacio\/wp-content\/uploads\/2023\/08\/qual-diferencial-de-quem-faz-pos-graduacao-768x491.webp 768w, https:\/\/www.graduacaobr.com.br\/estacio\/wp-content\/uploads\/2023\/08\/qual-diferencial-de-quem-faz-pos-graduacao-1536x981.webp 1536w, https:\/\/www.graduacaobr.com.br\/estacio\/wp-content\/uploads\/2023\/08\/qual-diferencial-de-quem-faz-pos-graduacao.webp 1722w\" sizes=\"(max-width: 800px) 100vw, 800px\" \/>\t\t\t\t\t\t\t\t\t\t\t\t\t<\/div>\n\t\t\t\t<\/div>\n\t\t\t\t\t<\/div>\n\t\t<\/div>\n\t\t\t\t\t<\/div>\n\t\t<\/section>\n\t\t\t\t<section class=\"elementor-section elementor-top-section elementor-element elementor-element-129a6e4b elementor-section-boxed elementor-section-height-default elementor-section-height-default\" data-id=\"129a6e4b\" data-element_type=\"section\">\n\t\t\t\t\t\t<div class=\"elementor-container elementor-column-gap-default\">\n\t\t\t\t\t<div class=\"elementor-column elementor-col-100 elementor-top-column elementor-element elementor-element-20e69ddc\" data-id=\"20e69ddc\" data-element_type=\"column\">\n\t\t\t<div class=\"elementor-widget-wrap elementor-element-populated\">\n\t\t\t\t\t\t<div class=\"elementor-element elementor-element-70a767c0 elementor-widget elementor-widget-text-editor\" data-id=\"70a767c0\" data-element_type=\"widget\" data-widget_type=\"text-editor.default\">\n\t\t\t\t<div class=\"elementor-widget-container\">\n\t\t\t\t\t\t\t<p>O caminho de estudo durante a vida \u00e9 bastante longo. Jardim de Inf\u00e2ncia, alfabetiza\u00e7\u00e3o, Ensino Fundamental e M\u00e9dio. Chega a fase adulta, decide-se por uma carreira e, para isso, \u00e9 necess\u00e1rio ter Ensino Superior. Ent\u00e3o, por escolha, entra-se em uma Gradua\u00e7\u00e3o. Mas ser\u00e1 que acaba por a\u00ed? Voc\u00ea j\u00e1 deve ter ouvido em algum lugar que o conhecimento \u00e9 nossa fonte inesgot\u00e1vel (ou varia\u00e7\u00f5es dessa frase), portanto, nunca \u00e9 demais. Em um mercado cada vez mais competitivo, dar continuidade aos estudos e ter um curr\u00edculo repleto de boas forma\u00e7\u00f5es acad\u00eamicas e profissionais \u00e9 primordial. Ent\u00e3o, que tal entender, de uma vez por todas, qual o diferencial de quem faz uma P\u00f3s-Gradua\u00e7\u00e3o? Continue a leitura, pois esse \u00e9 o nosso assunto de hoje.<\/p>\t\t\t\t\t\t<\/div>\n\t\t\t\t<\/div>\n\t\t\t\t<div class=\"elementor-element elementor-element-35f9afb8 elementor-widget elementor-widget-heading\" data-id=\"35f9afb8\" data-element_type=\"widget\" data-widget_type=\"heading.default\">\n\t\t\t\t<div class=\"elementor-widget-container\">\n\t\t\t<h2 class=\"elementor-heading-title elementor-size-default\">Uma P\u00f3s-Gradua\u00e7\u00e3o proporciona aprofundamento em uma \u00e1rea espec\u00edfica<\/h2>\t\t<\/div>\n\t\t\t\t<\/div>\n\t\t\t\t<div class=\"elementor-element elementor-element-627b5736 elementor-widget elementor-widget-text-editor\" data-id=\"627b5736\" data-element_type=\"widget\" data-widget_type=\"text-editor.default\">\n\t\t\t\t<div class=\"elementor-widget-container\">\n\t\t\t\t\t\t\t<p>Durante dois, quatro ou cinco anos de Gradua\u00e7\u00e3o, o estudante termina com uma forma\u00e7\u00e3o moldada em diversos conhecimentos, que proporcionam seguir diferentes \u00e1reas de uma forma\u00e7\u00e3o. Por\u00e9m, ter um conhecimento generalista nem sempre ser\u00e1 um ponto forte. Fazer um curso de Especializa\u00e7\u00e3o traz o aprofundamento do conhecimento em uma \u00e1rea espec\u00edfica, tornando-se um grande diferencial para o mercado de trabalho.<\/p>\t\t\t\t\t\t<\/div>\n\t\t\t\t<\/div>\n\t\t\t\t<div class=\"elementor-element elementor-element-1463b230 elementor-widget elementor-widget-heading\" data-id=\"1463b230\" data-element_type=\"widget\" data-widget_type=\"heading.default\">\n\t\t\t\t<div class=\"elementor-widget-container\">\n\t\t\t<h2 class=\"elementor-heading-title elementor-size-default\">Manter-se sempre atualizado<\/h2>\t\t<\/div>\n\t\t\t\t<\/div>\n\t\t\t\t<div class=\"elementor-element elementor-element-769ed7a4 elementor-widget elementor-widget-text-editor\" data-id=\"769ed7a4\" data-element_type=\"widget\" data-widget_type=\"text-editor.default\">\n\t\t\t\t<div class=\"elementor-widget-container\">\n\t\t\t\t\t\t\t<p>Se um profissional tem P\u00f3s-Gradua\u00e7\u00e3o, entende-se que ele est\u00e1 por dentro das novidades da profiss\u00e3o e do mercado. Isso porque as mudan\u00e7as s\u00e3o constantes, principalmente no quesito tecnologia. Quem \u00e9 especializado, sabe o que funciona e o que n\u00e3o funciona mais, e quais as atuais tend\u00eancias, podendo oferecer muito mais para uma empresa ou um neg\u00f3cio.<\/p>\t\t\t\t\t\t<\/div>\n\t\t\t\t<\/div>\n\t\t\t\t<div class=\"elementor-element elementor-element-3463dead elementor-widget elementor-widget-heading\" data-id=\"3463dead\" data-element_type=\"widget\" data-widget_type=\"heading.default\">\n\t\t\t\t<div class=\"elementor-widget-container\">\n\t\t\t<h2 class=\"elementor-heading-title elementor-size-default\">Mais chances de empregos<\/h2>\t\t<\/div>\n\t\t\t\t<\/div>\n\t\t\t\t<div class=\"elementor-element elementor-element-379a8b69 elementor-widget elementor-widget-text-editor\" data-id=\"379a8b69\" data-element_type=\"widget\" data-widget_type=\"text-editor.default\">\n\t\t\t\t<div class=\"elementor-widget-container\">\n\t\t\t\t\t\t\t<p>A P\u00f3s-Gradua\u00e7\u00e3o oferece uma vantagem ineg\u00e1vel no mercado atual. A quantidade de candidatos tentando uma vaga pode ser ampla, mas, al\u00e9m de Gradua\u00e7\u00e3o, experi\u00eancias e habilidades, ser P\u00f3s-Graduado em uma \u00e1rea espec\u00edfica salta aos olhos dos recrutadores e multiplica as chances de ser escolhido para aquela oportunidade dos sonhos.<\/p>\t\t\t\t\t\t<\/div>\n\t\t\t\t<\/div>\n\t\t\t\t<div class=\"elementor-element elementor-element-320f597a elementor-widget elementor-widget-heading\" data-id=\"320f597a\" data-element_type=\"widget\" data-widget_type=\"heading.default\">\n\t\t\t\t<div class=\"elementor-widget-container\">\n\t\t\t<h2 class=\"elementor-heading-title elementor-size-default\">Os maiores sal\u00e1rios s\u00e3o de quem tem P\u00f3s-Gradua\u00e7\u00e3o<\/h2>\t\t<\/div>\n\t\t\t\t<\/div>\n\t\t\t\t<div class=\"elementor-element elementor-element-73e3aa7d elementor-widget elementor-widget-text-editor\" data-id=\"73e3aa7d\" data-element_type=\"widget\" data-widget_type=\"text-editor.default\">\n\t\t\t\t<div class=\"elementor-widget-container\">\n\t\t\t\t\t\t\t<p>Pode at\u00e9 ter gente por a\u00ed falando bobagens de que investir em uma P\u00f3s-Gradua\u00e7\u00e3o \u00e9 perda de tempo e n\u00e3o muda nada, mas os dados n\u00e3o mentem: segundo uma pesquisa do\u00a0<span style=\"text-decoration: underline;\"><span style=\"color: #0000ff;\"><a style=\"color: #0000ff; text-decoration: underline;\" href=\"https:\/\/www.ibge.gov.br\/\" target=\"_blank\" rel=\"noopener\">IBGE<\/a><\/span><\/span>, uma p\u00f3s-gradua\u00e7\u00e3o aumenta o sal\u00e1rio de 150% a 225%.<\/p><p>A pesquisa recente, realizada em 2022, constata que o sal\u00e1rio de um profissional P\u00f3s-Graduado tem diferen\u00e7a de, pelo menos, R$ 2.774,00, em compara\u00e7\u00e3o \u00e0queles que t\u00eam apenas Gradua\u00e7\u00e3o.<\/p>\t\t\t\t\t\t<\/div>\n\t\t\t\t<\/div>\n\t\t\t\t<div class=\"elementor-element elementor-element-1b9e90b elementor-widget elementor-widget-heading\" data-id=\"1b9e90b\" data-element_type=\"widget\" data-widget_type=\"heading.default\">\n\t\t\t\t<div class=\"elementor-widget-container\">\n\t\t\t<h2 class=\"elementor-heading-title elementor-size-default\">Chance de mudar de carreira<\/h2>\t\t<\/div>\n\t\t\t\t<\/div>\n\t\t\t\t<div class=\"elementor-element elementor-element-99c4a77 elementor-widget elementor-widget-text-editor\" data-id=\"99c4a77\" data-element_type=\"widget\" data-widget_type=\"text-editor.default\">\n\t\t\t\t<div class=\"elementor-widget-container\">\n\t\t\t\t\t\t\t<p>Querer mudar de carreira \u00e9 bem comum. Mesmo depois de ter insistido em terminar a Gradua\u00e7\u00e3o, o profissional pode come\u00e7ar no mercado de trabalho e perceber que n\u00e3o \u00e9 aquilo que realmente queria. Por\u00e9m, ao contr\u00e1rio do que pensam, nem sempre \u00e9 preciso realizar outra Gradua\u00e7\u00e3o para tal. Algumas P\u00f3s-Gradua\u00e7\u00f5es s\u00e3o, sim, para forma\u00e7\u00f5es espec\u00edficas, mas outras abrangem diversas forma\u00e7\u00f5es ou qualquer \u00e1rea do ensino superior, sendo uma \u00f3tima pedida para ter uma forma\u00e7\u00e3o mais r\u00e1pida naquilo que deseja e iniciar logo a nova carreira.<\/p>\t\t\t\t\t\t<\/div>\n\t\t\t\t<\/div>\n\t\t\t\t<div class=\"elementor-element elementor-element-b776ce7 elementor-widget elementor-widget-heading\" data-id=\"b776ce7\" data-element_type=\"widget\" data-widget_type=\"heading.default\">\n\t\t\t\t<div class=\"elementor-widget-container\">\n\t\t\t<h2 class=\"elementor-heading-title elementor-size-default\">Para um novo rumo na carreira, P\u00f3s-Gradua\u00e7\u00e3o \u00e9 na Est\u00e1cio!\n<\/h2>\t\t<\/div>\n\t\t\t\t<\/div>\n\t\t\t\t<div class=\"elementor-element elementor-element-38d8bf5 elementor-widget elementor-widget-text-editor\" data-id=\"38d8bf5\" data-element_type=\"widget\" data-widget_type=\"text-editor.default\">\n\t\t\t\t<div class=\"elementor-widget-container\">\n\t\t\t\t\t\t\t<p><span style=\"font-weight: 400;\">Chegou at\u00e9 aqui e j\u00e1 entendeu que sua jornada merece uma P\u00f3s-Gradua\u00e7\u00e3o? Escolha a Est\u00e1cio, que tem op\u00e7\u00f5es nas modalidades presencial e digital (EAD), para que voc\u00ea escolha o que se encaixa melhor na sua rotina, e ainda conta com conte\u00fados atualizados e os melhores profissionais do mercado. Conte conosco e veja sua carreira brilhar!<\/span><\/p>\t\t\t\t\t\t<\/div>\n\t\t\t\t<\/div>\n\t\t\t\t<div class=\"elementor-element elementor-element-1892293 elementor-widget elementor-widget-text-editor\" data-id=\"1892293\" data-element_type=\"widget\" data-widget_type=\"text-editor.default\">\n\t\t\t\t<div class=\"elementor-widget-container\">\n\t\t\t\t\t\t\t<p><span style=\"text-decoration: underline;\"><span style=\"color: #0000ff;\"><a style=\"color: #0000ff; text-decoration: underline;\" href=\"https:\/\/bit.ly\/3OYXOap\" target=\"_blank\" rel=\"noopener\">Veja os cursos de especializa\u00e7\u00e3o dispon\u00edveis para voc\u00ea se destacar e ter o diferencial que falta no seu curr\u00edculo!<\/a><\/span><\/span><\/p>\t\t\t\t\t\t<\/div>\n\t\t\t\t<\/div>\n\t\t\t\t\t<\/div>\n\t\t<\/div>\n\t\t\t\t\t<\/div>\n\t\t<\/section>\n\t\t\t\t<\/div>\n\t\t","protected":false},"excerpt":{"rendered":"<p>Qual o diferencial de quem faz uma P\u00f3s-Gradua\u00e7\u00e3o? O caminho de estudo durante a vida \u00e9 bastante longo. Jardim de Inf\u00e2ncia, alfabetiza\u00e7\u00e3o, Ensino Fundamental e M\u00e9dio. Chega a fase adulta, decide-se por uma carreira e, para isso, \u00e9 necess\u00e1rio ter Ensino Superior. Ent\u00e3o, por escolha, entra-se em uma Gradua\u00e7\u00e3o. Mas ser\u00e1 que acaba por a\u00ed? [&hellip;]<\/p>\n","protected":false},"author":1,"featured_media":17781,"comment_status":"closed","ping_status":"open","sticky":false,"template":"","format":"standard","meta":{"footnotes":""},"categories":[1],"tags":[],"class_list":["post-17777","post","type-post","status-publish","format-standard","has-post-thumbnail","hentry","category-noticias"],"_links":{"self":[{"href":"https:\/\/www.graduacaobr.com.br\/estacio\/wp-json\/wp\/v2\/posts\/17777","targetHints":{"allow":["GET"]}}],"collection":[{"href":"https:\/\/www.graduacaobr.com.br\/estacio\/wp-json\/wp\/v2\/posts"}],"about":[{"href":"https:\/\/www.graduacaobr.com.br\/estacio\/wp-json\/wp\/v2\/types\/post"}],"author":[{"embeddable":true,"href":"https:\/\/www.graduacaobr.com.br\/estacio\/wp-json\/wp\/v2\/users\/1"}],"replies":[{"embeddable":true,"href":"https:\/\/www.graduacaobr.com.br\/estacio\/wp-json\/wp\/v2\/comments?post=17777"}],"version-history":[{"count":0,"href":"https:\/\/www.graduacaobr.com.br\/estacio\/wp-json\/wp\/v2\/posts\/17777\/revisions"}],"wp:featuredmedia":[{"embeddable":true,"href":"https:\/\/www.graduacaobr.com.br\/estacio\/wp-json\/wp\/v2\/media\/17781"}],"wp:attachment":[{"href":"https:\/\/www.graduacaobr.com.br\/estacio\/wp-json\/wp\/v2\/media?parent=17777"}],"wp:term":[{"taxonomy":"category","embeddable":true,"href":"https:\/\/www.graduacaobr.com.br\/estacio\/wp-json\/wp\/v2\/categories?post=17777"},{"taxonomy":"post_tag","embeddable":true,"href":"https:\/\/www.graduacaobr.com.br\/estacio\/wp-json\/wp\/v2\/tags?post=17777"}],"curies":[{"name":"wp","href":"https:\/\/api.w.org\/{rel}","templated":true}]}}