{"id":5587,"date":"2022-02-25T00:00:00","date_gmt":"2022-02-25T00:00:00","guid":{"rendered":"https:\/\/www.posestacio.com.br\/?p=5419"},"modified":"2023-06-20T15:46:25","modified_gmt":"2023-06-20T18:46:25","slug":"diretor-do-instituto-cervantes-parceiro-do-programa-de-dupla-certificao-ps-estcio-no-brasil","status":"publish","type":"post","link":"https:\/\/www.graduacaobr.com.br\/estacio\/diretor-do-instituto-cervantes-parceiro-do-programa-de-dupla-certificao-ps-estcio-no-brasil\/","title":{"rendered":"Diretor do Instituto Cervantes, parceiro do Programa de Dupla Certifica\u00e7\u00e3o P\u00f3s Est\u00e1cio, no Brasil."},"content":{"rendered":"\n<p dir=\"ltr\" style=\"line-height:1.38;text-align: justify;margin-top:12pt;margin-bottom:12pt;\">\r\n\t<span id=\"docs-internal-guid-c93e5dcd-7fff-2933-965e-ee4fff5a2424\"><span style=\"font-size: 11pt; font-family: Arial; color: rgb(0, 0, 0); background-color: transparent; font-weight: 700; font-variant-numeric: normal; font-variant-east-asian: normal; vertical-align: baseline; white-space: pre-wrap;\">&ldquo;Ensinar um idioma &eacute; mais que ensinar um vocabul&aacute;rio&rdquo; &ndash; Luis Garc&iacute;a Montero.<\/span><\/span><\/p>\r\n<p dir=\"ltr\" style=\"line-height:1.38;text-align: justify;margin-top:12pt;margin-bottom:12pt;\">\r\n\t<span id=\"docs-internal-guid-c93e5dcd-7fff-2933-965e-ee4fff5a2424\"><span style=\"font-size: 11pt; font-family: Arial; color: rgb(0, 0, 0); background-color: transparent; font-variant-numeric: normal; font-variant-east-asian: normal; vertical-align: baseline; white-space: pre-wrap;\">Essa frase resume a ess&ecirc;ncia do poeta e ativista pol&iacute;tico espanhol, que em 2018 aceitou o desafio de se tornar diretor de uma das maiores institui&ccedil;&otilde;es de cultura e l&iacute;ngua espanhola no Brasil, o Instituto Cervantes.<\/span><\/span><\/p>\r\n<p dir=\"ltr\" style=\"line-height:1.38;text-align: justify;margin-top:12pt;margin-bottom:12pt;\">\r\n\t<span id=\"docs-internal-guid-c93e5dcd-7fff-2933-965e-ee4fff5a2424\"><span style=\"font-size: 11pt; font-family: Arial; color: rgb(0, 0, 0); background-color: transparent; font-variant-numeric: normal; font-variant-east-asian: normal; vertical-align: baseline; white-space: pre-wrap;\">A P&oacute;s Est&aacute;cio em parceria com o Instituto Cervantes oferece aos seus alunos dos cursos de Tradu&ccedil;&atilde;o e L&iacute;ngua Espanhola a <\/span><a href=\"https:\/\/www.posestacio.com.br\/pos-graduacao-a-distancia\/ensino-de-lingua-espanhola\/3350\/14\" target=\"_blank\"><strong><u><span style=\"font-size: 11pt; font-family: Arial; color: rgb(0, 0, 0); background-color: transparent; font-weight: 700; font-variant-numeric: normal; font-variant-east-asian: normal; text-decoration-line: underline; text-decoration-skip-ink: none; vertical-align: baseline; white-space: pre-wrap;\">Dupla Certifica&ccedil;&atilde;o<\/span><\/u><\/strong><\/a><span style=\"font-size: 11pt; font-family: Arial; color: rgb(0, 0, 0); background-color: transparent; font-variant-numeric: normal; font-variant-east-asian: normal; vertical-align: baseline; white-space: pre-wrap;\"><a href=\"https:\/\/www.posestacio.com.br\/pos-graduacao-a-distancia\/ensino-de-lingua-espanhola\/3350\/14\" target=\"_blank\"><strong><u>, uma exclusividade P&oacute;s Est&aacute;cio<\/u><\/strong><\/a> que &eacute; o <\/span><span style=\"font-size: 11pt; font-family: Arial; color: rgb(0, 0, 0); background-color: transparent; font-weight: 700; font-variant-numeric: normal; font-variant-east-asian: normal; vertical-align: baseline; white-space: pre-wrap;\">Certificado de P&oacute;s-gradua&ccedil;&atilde;o lato sensu no Brasil + Certificado Internacional do Instituto Cervantes <\/span><span style=\"font-size: 11pt; font-family: Arial; color: rgb(0, 0, 0); background-color: transparent; font-variant-numeric: normal; font-variant-east-asian: normal; vertical-align: baseline; white-space: pre-wrap;\">RJ de Tutor de Aula Virtual de Espa&ntilde;ol (AVE).<\/span><\/span><\/p>\r\n<p dir=\"ltr\" style=\"line-height:1.38;text-align: justify;margin-top:12pt;margin-bottom:12pt;\">\r\n\t<span id=\"docs-internal-guid-c93e5dcd-7fff-2933-965e-ee4fff5a2424\"><span style=\"font-size: 11pt; font-family: Arial; color: rgb(0, 0, 0); background-color: transparent; font-variant-numeric: normal; font-variant-east-asian: normal; vertical-align: baseline; white-space: pre-wrap;\">Al&eacute;m disso, as palavras do poeta refletem o sentimento de cada um de nossos mestres, que ao longo dos anos se dedicam a ensinar uma l&iacute;ngua estrangeira. O prazer em transmitir atrav&eacute;s da linguagem a for&ccedil;a de diferentes povos e culturas &eacute; uma experi&ecirc;ncia extraordin&aacute;ria, que fez com que nossos professores transformassem uma paix&atilde;o em uma carreira, e contribu&iacute;ssem com a forma&ccedil;&atilde;o profissional de tantos outros apaixonados pela linguagem estrangeira.<\/span><\/span><\/p>\r\n<p dir=\"ltr\" style=\"line-height:1.38;text-align: justify;margin-top:12pt;margin-bottom:12pt;\">\r\n\t<span id=\"docs-internal-guid-c93e5dcd-7fff-2933-965e-ee4fff5a2424\"><span style=\"font-size: 11pt; font-family: Arial; color: rgb(0, 0, 0); background-color: transparent; font-weight: 700; font-variant-numeric: normal; font-variant-east-asian: normal; vertical-align: baseline; white-space: pre-wrap;\">A visita ao Brasil<\/span><\/span><\/p>\r\n<p dir=\"ltr\" style=\"line-height:1.38;text-align: justify;margin-top:12pt;margin-bottom:12pt;\">\r\n\t<span id=\"docs-internal-guid-c93e5dcd-7fff-2933-965e-ee4fff5a2424\"><span style=\"font-size: 11pt; font-family: Arial; color: rgb(0, 0, 0); background-color: transparent; font-variant-numeric: normal; font-variant-east-asian: normal; vertical-align: baseline; white-space: pre-wrap;\">O diretor do Cervantes deu uma entrevista ao jornal O Globo, onde abordou assuntos que permeiam toda sua carreira; pol&iacute;tica, cultura, opini&atilde;o e claro, literatura.<\/span><\/span><\/p>\r\n<p dir=\"ltr\" style=\"line-height:1.38;text-align: justify;margin-top:12pt;margin-bottom:12pt;\">\r\n\t<span id=\"docs-internal-guid-c93e5dcd-7fff-2933-965e-ee4fff5a2424\"><span style=\"font-size: 11pt; font-family: Arial; color: rgb(0, 0, 0); background-color: transparent; font-variant-numeric: normal; font-variant-east-asian: normal; vertical-align: baseline; white-space: pre-wrap;\">Garc&iacute;a Montero falou de sua vis&atilde;o sobre a situa&ccedil;&atilde;o pol&iacute;tica no Brasil, sobre a pandemia e sobre suas perspectivas para as pr&oacute;ximas elei&ccedil;&otilde;es no pa&iacute;s.<\/span><\/span><\/p>\r\n<p dir=\"ltr\" style=\"line-height:1.38;text-align: justify;margin-top:12pt;margin-bottom:12pt;\">\r\n\t<span id=\"docs-internal-guid-c93e5dcd-7fff-2933-965e-ee4fff5a2424\"><span style=\"font-size: 11pt; font-family: Arial; color: rgb(0, 0, 0); background-color: transparent; font-variant-numeric: normal; font-variant-east-asian: normal; vertical-align: baseline; white-space: pre-wrap;\">Al&eacute;m de brindar o p&uacute;blico com suas percep&ccedil;&otilde;es, Garc&iacute;a Montero, emocionou ao falar sobre a perda recente de sua esposa, a tamb&eacute;m escritora espanhola, parceira de vida e de poesia Almudena Grandes.<\/span><\/span><\/p>\r\n<p dir=\"ltr\" style=\"line-height:1.38;text-align: justify;margin-top:12pt;margin-bottom:12pt;\">\r\n\t<span id=\"docs-internal-guid-c93e5dcd-7fff-2933-965e-ee4fff5a2424\"><span style=\"font-size: 11pt; font-family: Arial; color: rgb(0, 0, 0); background-color: transparent; font-variant-numeric: normal; font-variant-east-asian: normal; vertical-align: baseline; white-space: pre-wrap;\">E como todo bom poeta, fez nascer da dor, poesia.<\/span><\/span><\/p>\r\n<p dir=\"ltr\" style=\"line-height:1.38;text-align: justify;margin-top:12pt;margin-bottom:12pt;\">\r\n\t<span id=\"docs-internal-guid-c93e5dcd-7fff-2933-965e-ee4fff5a2424\"><span style=\"font-size: 11pt; font-family: Arial; color: rgb(0, 0, 0); background-color: transparent; font-variant-numeric: normal; font-variant-east-asian: normal; vertical-align: baseline; white-space: pre-wrap;\">Se voc&ecirc; tamb&eacute;m deseja entrar nesse fascinante muito da linguagem, conhe&ccedil;a agora mesmo os cursos em Tradu&ccedil;&atilde;o e L&iacute;nguas da P&oacute;s Est&aacute;cio, que &eacute; refer&ecirc;ncia em ensino.<\/span><\/span><\/p>\r\n<p dir=\"ltr\" style=\"line-height:1.38;text-align: justify;margin-top:12pt;margin-bottom:12pt;\">\r\n\t<span id=\"docs-internal-guid-c93e5dcd-7fff-2933-965e-ee4fff5a2424\"><span style=\"font-size: 11pt; font-family: Arial; color: rgb(0, 0, 0); background-color: transparent; font-variant-numeric: normal; font-variant-east-asian: normal; vertical-align: baseline; white-space: pre-wrap;\">Clique aqui e saiba mais:<\/span><\/span><\/p>\r\n<p dir=\"ltr\" style=\"line-height:1.38;text-align: justify;margin-top:12pt;margin-bottom:12pt;\">\r\n\t<a href=\"https:\/\/www.posestacio.com.br\/pos-graduacao\/traducao-de-espanhol\/5586\/50\" target=\"_blank\"><span id=\"docs-internal-guid-c93e5dcd-7fff-2933-965e-ee4fff5a2424\"><span style=\"font-size: 11pt; font-family: Arial; color: rgb(0, 0, 0); background-color: transparent; font-weight: 700; font-variant-numeric: normal; font-variant-east-asian: normal; text-decoration-line: underline; text-decoration-skip-ink: none; vertical-align: baseline; white-space: pre-wrap;\">&#8211; Tradu&ccedil;&atilde;o de Espanhol<\/span><\/span><\/a><\/p>\r\n<p dir=\"ltr\" style=\"line-height:1.38;text-align: justify;margin-top:12pt;margin-bottom:12pt;\">\r\n\t<a href=\"https:\/\/www.posestacio.com.br\/pos-graduacao\/traducao-de-espanhol\/5586\/50\" target=\"_blank\"><span id=\"docs-internal-guid-c93e5dcd-7fff-2933-965e-ee4fff5a2424\"><span style=\"font-size: 11pt; font-family: Arial; color: rgb(0, 0, 0); background-color: transparent; font-weight: 700; font-variant-numeric: normal; font-variant-east-asian: normal; text-decoration-line: underline; text-decoration-skip-ink: none; vertical-align: baseline; white-space: pre-wrap;\">&#8211; Tradu&ccedil;&atilde;o Audiovisual de Espanhol<\/span><\/span><\/a><\/p>\r\n<div>\r\n\t&nbsp;<\/div>\r\n\n","protected":false},"excerpt":{"rendered":"<p>&ldquo;Ensinar um idioma &eacute; mais que ensinar um vocabul&aacute;rio&rdquo; &ndash; Luis Garc&iacute;a Montero. Essa frase resume a ess&ecirc;ncia do poeta e ativista pol&iacute;tico espanhol, que em 2018 aceitou o desafio de se tornar diretor de uma das maiores institui&ccedil;&otilde;es de cultura e l&iacute;ngua espanhola no Brasil, o Instituto Cervantes. A P&oacute;s Est&aacute;cio em parceria com [&hellip;]<\/p>\n","protected":false},"author":1,"featured_media":5589,"comment_status":"closed","ping_status":"open","sticky":false,"template":"","format":"standard","meta":{"footnotes":""},"categories":[1],"tags":[],"class_list":["post-5587","post","type-post","status-publish","format-standard","has-post-thumbnail","hentry","category-noticias"],"_links":{"self":[{"href":"https:\/\/www.graduacaobr.com.br\/estacio\/wp-json\/wp\/v2\/posts\/5587","targetHints":{"allow":["GET"]}}],"collection":[{"href":"https:\/\/www.graduacaobr.com.br\/estacio\/wp-json\/wp\/v2\/posts"}],"about":[{"href":"https:\/\/www.graduacaobr.com.br\/estacio\/wp-json\/wp\/v2\/types\/post"}],"author":[{"embeddable":true,"href":"https:\/\/www.graduacaobr.com.br\/estacio\/wp-json\/wp\/v2\/users\/1"}],"replies":[{"embeddable":true,"href":"https:\/\/www.graduacaobr.com.br\/estacio\/wp-json\/wp\/v2\/comments?post=5587"}],"version-history":[{"count":0,"href":"https:\/\/www.graduacaobr.com.br\/estacio\/wp-json\/wp\/v2\/posts\/5587\/revisions"}],"wp:featuredmedia":[{"embeddable":true,"href":"https:\/\/www.graduacaobr.com.br\/estacio\/wp-json\/wp\/v2\/media\/5589"}],"wp:attachment":[{"href":"https:\/\/www.graduacaobr.com.br\/estacio\/wp-json\/wp\/v2\/media?parent=5587"}],"wp:term":[{"taxonomy":"category","embeddable":true,"href":"https:\/\/www.graduacaobr.com.br\/estacio\/wp-json\/wp\/v2\/categories?post=5587"},{"taxonomy":"post_tag","embeddable":true,"href":"https:\/\/www.graduacaobr.com.br\/estacio\/wp-json\/wp\/v2\/tags?post=5587"}],"curies":[{"name":"wp","href":"https:\/\/api.w.org\/{rel}","templated":true}]}}