{"id":5941,"date":"2020-08-31T00:00:00","date_gmt":"2020-08-31T00:00:00","guid":{"rendered":"https:\/\/www.posestacio.com.br\/?p=5419"},"modified":"2023-06-20T15:46:25","modified_gmt":"2023-06-20T18:46:25","slug":"pandemia-modifica-hbitos-alimentares-dos-brasileiros","status":"publish","type":"post","link":"https:\/\/www.graduacaobr.com.br\/estacio\/pandemia-modifica-hbitos-alimentares-dos-brasileiros\/","title":{"rendered":"Pandemia modifica h\u00e1bitos alimentares dos brasileiros"},"content":{"rendered":"\n<div style=\"text-align: justify;\">\n\t<em><span style=\"font-family: arial, helvetica, sans-serif;\">Como manter uma dieta balanceada nesse per&iacute;odo? Se quiser descobrir, embarque nesta leitura conosco!<\/span><\/em><\/div>\n<div style=\"text-align: justify;\">\n\t&nbsp;<\/div>\n<div style=\"text-align: justify;\">\n\t<span style=\"font-size:12px;\"><span style=\"font-family:arial,helvetica,sans-serif;\">A pandemia da Covid-19 tem afetado a vida de todos os brasileiros, em diversos aspectos, e impondo novos modos de viver. Estamos modificando o modo como trabalhamos e a forma como nos relacionamos e nos divertimos. Nesse sentido, at&eacute; a nossa alimenta&ccedil;&atilde;o foi modificada, buscando adaptar-se ao que &eacute; comumente chamado de &ldquo;novo normal&rdquo;.<\/span><\/span><\/div>\n<div style=\"text-align: justify;\">\n\t&nbsp;<\/div>\n<div style=\"text-align: justify;\">\n\t<span style=\"font-size:12px;\"><span style=\"font-family:arial,helvetica,sans-serif;\">Fato &eacute; que os h&aacute;bitos alimentares, bons ou ruins, t&ecirc;m um grande potencial de influenciar toda a nossa sa&uacute;de f&iacute;sica e mental, podendo ser grandes aliados para combater e <a href=\"https:\/\/www.posestacio.com.br\/transtornos-psicologicos-mais-comuns-durante-a-pandemia-de-covid-19\/noticia\/1878\" target=\"_blank\"><span style=\"color:#0000ff;\">prevenir transtornos psicol&oacute;gicos nesse momento de pandemia<\/span><\/a>.<\/span><\/span><\/div>\n<h2 style=\"text-align: justify;\">\n\t<span style=\"font-size:14px;\"><strong><span style=\"font-family:arial,helvetica,sans-serif;\">H&aacute;bitos de alimenta&ccedil;&atilde;o durante a pandemia&nbsp;<\/span><\/strong><\/span><\/h2>\n<div style=\"text-align: justify;\">\n\t<span style=\"font-size:12px;\"><span style=\"font-family:arial,helvetica,sans-serif;\">Para algumas pessoas, o isolamento social, medida necess&aacute;ria para conter a dissemina&ccedil;&atilde;o do novo coronav&iacute;rus, significou mais tempo para muitas pessoas planejarem as refei&ccedil;&otilde;es e at&eacute; mesmo aventurar-se na cozinha, planejando suas dietas para uma base mais natural, privilegiando frutas, legumes e verduras.<\/span><\/span><\/div>\n<div style=\"text-align: justify;\">\n\t&nbsp;<\/div>\n<div style=\"text-align: justify;\">\n\t<span style=\"font-size:12px;\"><span style=\"font-family:arial,helvetica,sans-serif;\">Todavia, essa n&atilde;o &eacute; a realidade de muitas fam&iacute;lias brasileiras, pois a correria do dia a dia e as dificuldades de conciliar a vida profissional e a vida pessoal acarretaram<strong> falta de tempo para planejar a alimenta&ccedil;&atilde;o<\/strong>.&nbsp;<\/span><\/span><\/div>\n<div style=\"text-align: justify;\">\n\t&nbsp;<\/div>\n<div style=\"text-align: justify;\">\n\t<span style=\"font-size:12px;\"><span style=\"font-family:arial,helvetica,sans-serif;\">Al&eacute;m disso, a<strong> interrup&ccedil;&atilde;o das aulas das crian&ccedil;as e adolescentes, principalmente da rede p&uacute;blica, impactou negativamente na alimenta&ccedil;&atilde;o dos pequenos<\/strong>. Como sabemos, a desigualdade social no Brasil &eacute; alarmante, e muitas crian&ccedil;as necessitavam da alimenta&ccedil;&atilde;o fornecida pelas escolas municipais e estaduais, com suas dietas sendo acompanhadas por nutricionistas da rede de sa&uacute;de.<\/span><\/span><\/div>\n<div style=\"text-align: justify;\">\n\t&nbsp;<\/div>\n<div style=\"text-align: justify;\">\n\t<strong><span style=\"font-size:12px;\"><span style=\"font-family:arial,helvetica,sans-serif;\">Esses fatos levaram a uma alimenta&ccedil;&atilde;o pouco saud&aacute;vel, com as seguintes caracter&iacute;sticas:<\/span><\/span><\/strong><\/div>\n<div style=\"text-align: justify;\">\n\t&nbsp;<\/div>\n<div style=\"text-align: justify;\">\n\t<span style=\"font-size:12px;\"><span style=\"font-family:arial,helvetica,sans-serif;\"><strong>Consumo excessivo de alimentos industrializados e ultraprocessados:<\/strong> que aumentou, e muito, em detrimento do consumo de produtos naturais, como frutas, legumes e verduras. Esses produtos industrializados, que tendem a ser mais cal&oacute;ricos e menos nutritivos que as comidas frescas, podem acarretar efeitos devastadores &agrave; sa&uacute;de das pessoas.&nbsp;<\/span><\/span><\/div>\n<div style=\"text-align: justify;\">\n\t&nbsp;<\/div>\n<div style=\"text-align: justify;\">\n\t<span style=\"font-size:12px;\"><span style=\"font-family:arial,helvetica,sans-serif;\"><strong>Idas menos frequentes a feiras:<\/strong> a menor procura por alimentos frescos, al&eacute;m de ser prejudicial para a sa&uacute;de, ainda prejudica os pequenos agricultores, que s&atilde;o dependentes do com&eacute;rcio das feiras livres.<\/span><\/span><\/div>\n<div style=\"text-align: justify;\">\n\t&nbsp;<\/div>\n<div style=\"text-align: justify;\">\n\t<span style=\"font-size:12px;\"><span style=\"font-family:arial,helvetica,sans-serif;\"><strong>Hor&aacute;rios de alimenta&ccedil;&atilde;o confusos:<\/strong> com essa nova din&acirc;mica imposta, os hor&aacute;rios agora ficaram mais confusos, o que acaba aumentando as chances de beliscar entre as refei&ccedil;&otilde;es.<\/span><\/span><\/div>\n<div style=\"text-align: justify;\">\n\t&nbsp;<\/div>\n<div style=\"text-align: justify;\">\n\t<span style=\"font-size:14px;\"><span style=\"font-family:arial,helvetica,sans-serif;\"><strong>Leia:<\/strong> <a href=\"https:\/\/www.posestacio.com.br\/plano-de-retomada-quais-cuidados-sao-essenciais-para-a-retomada-das-atividades\/noticia\/1872\" target=\"_blank\"><span style=\"color:#0000ff;\">Quais cuidados s&atilde;o essenciais para a retomada das atividades?<\/span><\/a><\/span><\/span><\/div>\n<div style=\"text-align: justify;\">\n\t&nbsp;<\/div>\n<div style=\"text-align: justify;\">\n\t<span style=\"font-size:12px;\"><span style=\"font-family:arial,helvetica,sans-serif;\">Esse novo cen&aacute;rio aumenta a incid&ecirc;ncia dos casos de obesidade entre adultos e crian&ccedil;as. Segundo o Minist&eacute;rio da Sa&uacute;de, na Pesquisa de Vigil&acirc;ncia de Fatores de Risco e Prote&ccedil;&atilde;o para Doen&ccedil;as Cr&ocirc;nicas por Inqu&eacute;rito Telef&ocirc;nico (Vigitel) de 2018, nos &uacute;ltimos <strong>13 anos houve um aumento de 67,8% nos casos de obesidade<\/strong>.<\/span><\/span><\/div>\n<div style=\"text-align: justify;\">\n\t&nbsp;<\/div>\n<div style=\"text-align: justify;\">\n\t<span style=\"font-size:12px;\"><span style=\"font-family:arial,helvetica,sans-serif;\">Para se ter uma ideia, 12,9% das crian&ccedil;as brasileiras j&aacute; sofrem com a obesidade infantil. Trata-se de um dado alarmante, que, por conta do cen&aacute;rio da pandemia pode tomar maiores propor&ccedil;&otilde;es se n&atilde;o houver maior vigil&acirc;ncia e cuidado.<\/span><\/span><\/div>\n<div style=\"text-align: justify;\">\n\t&nbsp;<\/div>\n<div style=\"text-align: justify;\">\n\t<span style=\"font-size:12px;\"><span style=\"font-family:arial,helvetica,sans-serif;\">Hoje, existe todo um processo de pesquisa e trabalho efetivo para a diminui&ccedil;&atilde;o da taxa de obesidade infantil e adulta, entre profissionais da sa&uacute;de, incluindo nutricionistas com <a href=\"https:\/\/www.posestacio.com.br\/pos-graduacao-a-distancia\/obesidade-e-emagrecimento\/2013\/12\" target=\"_blank\"><span style=\"color:#0000ff;\">P&oacute;s EAD em Obesidade e Emagrecimento<\/span><\/a>.<\/span><\/span><\/div>\n<div style=\"text-align: justify;\">\n\t&nbsp;<\/div>\n<h3 style=\"text-align: justify;\">\n\t<span style=\"font-size:14px;\"><strong><span style=\"font-family:arial,helvetica,sans-serif;\">Como manter uma alimenta&ccedil;&atilde;o saud&aacute;vel durante a pandemia?<\/span><\/strong><\/span><\/h3>\n<div style=\"text-align: justify;\">\n\t<span style=\"font-size:12px;\"><span style=\"font-family:arial,helvetica,sans-serif;\">Uma alimenta&ccedil;&atilde;o saud&aacute;vel &eacute; essencial para manter o sistema imunol&oacute;gico em bom funcionamento, bem como para manter a sa&uacute;de. Pensando nisso, a Associa&ccedil;&atilde;o Brasileira de Nutri&ccedil;&atilde;o (Asbran) montou um <a href=\"https:\/\/www.asbran.org.br\/storage\/arquivos\/guiaCOVID19.pdf\" target=\"_blank\"><span style=\"color:#0000ff;\">guia para uma alimenta&ccedil;&atilde;o saud&aacute;vel em tempos de Covid-19<\/span><\/a>, fornecendo orienta&ccedil;&otilde;es para uma dieta balanceada nesse contexto.&nbsp;<\/span><\/span><\/div>\n<div style=\"text-align: justify;\">\n\t&nbsp;<\/div>\n<div style=\"text-align: center;\">\n\t<img decoding=\"async\" alt=\"guia alimenta\u00e7\u00e3o na covid-19\" src=\"https:\/\/painel.posestacio.com.br\/assets\/uploads\/81\/685a5-guiaCOVID19-05.jpg\" style=\"width: 514px; height: 727px;\" \/><\/div>\n<div style=\"text-align: justify;\">\n\t&nbsp;<\/div>\n<div style=\"text-align: center;\">\n\t<span style=\"font-size:11px;\"><em><span style=\"font-family:arial,helvetica,sans-serif;\">O que voc&ecirc; precisa saber para mudar h&aacute;bitos alimentares<\/span><\/em><\/span><\/div>\n<div style=\"text-align: center;\">\n\t<span style=\"font-size:11px;\"><span style=\"font-family:arial,helvetica,sans-serif;\">Fonte: Asbran<\/span><\/span><\/div>\n<div style=\"text-align: justify;\">\n\t&nbsp;<\/div>\n<div style=\"text-align: justify;\">\n\t<span style=\"font-size:12px;\"><span style=\"font-family:arial,helvetica,sans-serif;\">Um dos focos dessa cartilha &eacute; prevenir a incid&ecirc;ncia de obesidade e sobrepeso, que, nos &uacute;ltimos tempos, vem crescendo cada vez mais em territ&oacute;rio brasileiro.<\/span><\/span><\/div>\n<div style=\"text-align: justify;\">\n\t&nbsp;<\/div>\n<div style=\"text-align: justify;\">\n\t<span style=\"font-size:12px;\"><span style=\"font-family:arial,helvetica,sans-serif;\">Entre as indica&ccedil;&otilde;es desse guia, est&atilde;o informa&ccedil;&otilde;es sobre como armazenar e preparar certos alimentos, fornecendo um passo a passo: antes de guardar os alimentos, &eacute; preciso higieniz&aacute;-los; retirar frutas, legumes e verduras das embalagens; priorizar o aproveitamento integral dos alimentos, inclusive cascas, talos e sementes; e sempre observar as validades, entre outras recomenda&ccedil;&otilde;es.<\/span><\/span><\/div>\n<div style=\"text-align: justify;\">\n\t&nbsp;<\/div>\n<h3 style=\"text-align: justify;\">\n\t<span style=\"font-size:14px;\"><strong><span style=\"font-family:arial,helvetica,sans-serif;\">Quais alimentos consumir e em qual per&iacute;odo?<\/span><\/strong><\/span><\/h3>\n<div style=\"text-align: justify;\">\n\t<span style=\"font-size:12px;\"><span style=\"font-family:arial,helvetica,sans-serif;\">&ldquo;Sempre procurar consumir todos os grupos de alimentos: cereais, leguminosas, frutas, legumes, verduras, latic&iacute;nios e prote&iacute;nas (carnes) no dia a dia, distribuindo-os nas refei&ccedil;&otilde;es. &Eacute; importante que se respeite um fracionamento adequado e que se tenha pelo menos 4 a 5 refei&ccedil;&otilde;es di&aacute;rias, distribu&iacute;das assim: 3 refei&ccedil;&otilde;es principais e 1 ou 2 lanches por dia, com alimenta&ccedil;&atilde;o a cada 3 horas&rdquo;, comenta a professora e nutricionista Gabriela Chamusca.<\/span><\/span><\/div>\n<div style=\"text-align: center;\">\n\t<a href=\"https:\/\/www.posestacio.com.br\/alimentos-funcionais-conheca-suas-influencias-na-alimentacao-e-na-saude\/noticia\/1841\" target=\"_blank\"><img decoding=\"async\" alt=\"curso gr\u00e1tis nutri\u00e7\u00e3o\" src=\"https:\/\/painel.posestacio.com.br\/assets\/uploads\/81\/e53a0-curso-online-gr--tis-nutri----o.png\" style=\"width: 300px; height: 150px;\" \/><\/a><\/div>\n<div style=\"text-align: justify;\">\n\t<span style=\"font-size:12px;\"><span style=\"font-family:arial,helvetica,sans-serif;\">Dessa forma, o planejamento alimentar &eacute; essencial para a manuten&ccedil;&atilde;o de uma dieta balanceada. Sempre leve em considera&ccedil;&atilde;o o equil&iacute;brio dos nutrientes, o tempo de preparo, as prefer&ecirc;ncias e os m&eacute;todos de coc&ccedil;&atilde;o. Se tiver crian&ccedil;as em casa, inclu&iacute;-las nesse processo pode ser uma maneira de envolver a fam&iacute;lia em uma atividade.&nbsp;<\/span><\/span><\/div>\n<div style=\"text-align: justify;\">\n\t&nbsp;<\/div>\n<div style=\"text-align: justify;\">\n\t<span style=\"font-size:12px;\"><span style=\"font-family:arial,helvetica,sans-serif;\">Contudo, o acompanhamento de nutricionistas, por exemplo, de profissionais <a href=\"https:\/\/www.posestacio.com.br\/pos-graduacao\/nutricao-clinica-metabolismo-pratica-e-terapia-nutricional\/1707\/22\" target=\"_blank\"><span style=\"color:#0000ff;\">especializados em Nutri&ccedil;&atilde;o Cl&iacute;nica<\/span><\/a>, &eacute; indispens&aacute;vel, principalmente em um contexto delicado de pandemia. Se houver possibilidade, procure um profissional para orientar as dietas e o planejamento alimentar.<\/span><\/span><\/div>\n<div style=\"text-align: justify;\">\n\t&nbsp;<\/div>\n<div style=\"text-align: justify;\">\n\t<strong><span style=\"font-size:12px;\"><span style=\"font-family:arial,helvetica,sans-serif;\">Leia mais:<\/span><\/span><\/strong><\/div>\n<div style=\"text-align: justify;\">\n\t<span style=\"font-size:12px;\"><span style=\"font-family:arial,helvetica,sans-serif;\">+ <a href=\"https:\/\/www.posestacio.com.br\/prescricao-de-suplementos-alimentares-confira-a-entrevista-com-a-professora-gabriela-chamusca\/noticia\/1866\" target=\"_blank\"><span style=\"color:#0000ff;\">Prescri&ccedil;&atilde;o de suplementos alimentares: confira a entrevista com a professora Gabriela Chamusca<\/span><\/a><\/span><\/span><\/div>\n<div style=\"text-align: justify;\">\n\t<span style=\"font-size:12px;\"><span style=\"font-family:arial,helvetica,sans-serif;\">+ <a href=\"https:\/\/www.posestacio.com.br\/nutricao-como-descongelar-alimentos-de-forma-correta\/noticia\/1847\" target=\"_blank\"><span style=\"color:#0000ff;\">Como descongelar alimentos de forma correta<\/span><\/a><\/span><\/span><\/div>\n<div style=\"text-align: justify;\">\n\t<span style=\"font-size:12px;\"><span style=\"font-family:arial,helvetica,sans-serif;\">+ <a href=\"https:\/\/www.posestacio.com.br\/alimentos-funcionais-conheca-suas-influencias-na-alimentacao-e-na-saude\/noticia\/1841\" target=\"_blank\"><span style=\"color:#0000ff;\">Alimentos funcionais: conhe&ccedil;a suas influ&ecirc;ncias na alimenta&ccedil;&atilde;o e na sa&uacute;de<\/span><\/a><\/span><\/span><\/div>\n<div>\n\t&nbsp;<\/div>\n\n","protected":false},"excerpt":{"rendered":"<p>Como manter uma dieta balanceada nesse per&iacute;odo? Se quiser descobrir, embarque nesta leitura conosco! &nbsp; A pandemia da Covid-19 tem afetado a vida de todos os brasileiros, em diversos aspectos, e impondo novos modos de viver. Estamos modificando o modo como trabalhamos e a forma como nos relacionamos e nos divertimos. Nesse sentido, at&eacute; a [&hellip;]<\/p>\n","protected":false},"author":1,"featured_media":5943,"comment_status":"closed","ping_status":"open","sticky":false,"template":"","format":"standard","meta":{"footnotes":""},"categories":[1],"tags":[],"class_list":["post-5941","post","type-post","status-publish","format-standard","has-post-thumbnail","hentry","category-noticias"],"_links":{"self":[{"href":"https:\/\/www.graduacaobr.com.br\/estacio\/wp-json\/wp\/v2\/posts\/5941","targetHints":{"allow":["GET"]}}],"collection":[{"href":"https:\/\/www.graduacaobr.com.br\/estacio\/wp-json\/wp\/v2\/posts"}],"about":[{"href":"https:\/\/www.graduacaobr.com.br\/estacio\/wp-json\/wp\/v2\/types\/post"}],"author":[{"embeddable":true,"href":"https:\/\/www.graduacaobr.com.br\/estacio\/wp-json\/wp\/v2\/users\/1"}],"replies":[{"embeddable":true,"href":"https:\/\/www.graduacaobr.com.br\/estacio\/wp-json\/wp\/v2\/comments?post=5941"}],"version-history":[{"count":0,"href":"https:\/\/www.graduacaobr.com.br\/estacio\/wp-json\/wp\/v2\/posts\/5941\/revisions"}],"wp:featuredmedia":[{"embeddable":true,"href":"https:\/\/www.graduacaobr.com.br\/estacio\/wp-json\/wp\/v2\/media\/5943"}],"wp:attachment":[{"href":"https:\/\/www.graduacaobr.com.br\/estacio\/wp-json\/wp\/v2\/media?parent=5941"}],"wp:term":[{"taxonomy":"category","embeddable":true,"href":"https:\/\/www.graduacaobr.com.br\/estacio\/wp-json\/wp\/v2\/categories?post=5941"},{"taxonomy":"post_tag","embeddable":true,"href":"https:\/\/www.graduacaobr.com.br\/estacio\/wp-json\/wp\/v2\/tags?post=5941"}],"curies":[{"name":"wp","href":"https:\/\/api.w.org\/{rel}","templated":true}]}}