{"id":5974,"date":"2020-07-25T00:00:00","date_gmt":"2020-07-25T00:00:00","guid":{"rendered":"https:\/\/www.posestacio.com.br\/?p=5419"},"modified":"2023-06-20T15:46:25","modified_gmt":"2023-06-20T18:46:25","slug":"mulheres-na-literatura-5-escritoras-brasileiras-extraordinrias","status":"publish","type":"post","link":"https:\/\/www.graduacaobr.com.br\/estacio\/mulheres-na-literatura-5-escritoras-brasileiras-extraordinrias\/","title":{"rendered":"Mulheres na literatura: 5 escritoras brasileiras extraordin\u00e1rias"},"content":{"rendered":"\n<div style=\"text-align: justify;\">\n\t<span style=\"font-size:12px;\"><span style=\"font-family:arial,helvetica,sans-serif;\">Da poesia ao romance, ou do conto ao ensaio, s&atilde;o infinitas as possibilidades de express&atilde;o por meio das palavras. Os escritores e as escritoras sabem bem disso e fazem da escrita sua forma de expressar, comunicar, dialogar e pensar.&nbsp;<\/span><\/span><\/div>\n<div style=\"text-align: justify;\">\n\t&nbsp;<\/div>\n<div style=\"text-align: justify;\">\n\t<span style=\"font-size:12px;\"><span style=\"font-family:arial,helvetica,sans-serif;\">Para homenagear seus trabalhos, o dia <strong>25 de julho foi institu&iacute;do como o Dia Nacional do Escritor<\/strong>, gra&ccedil;as ao sucesso do I Festival do Escritor Brasileiro, realizado em 1960, na &eacute;poca organizado pela Uni&atilde;o Brasileira de Escritores, tendo como presidente Jo&atilde;o Peregrino e como vice-presidente, Jorge Amado.<\/span><\/span><\/div>\n<h3 style=\"text-align: justify;\">\n\t<span style=\"font-size:14px;\"><strong><span style=\"font-family:arial,helvetica,sans-serif;\">As mulheres na literatura brasileira<\/span><\/strong><\/span><\/h3>\n<div style=\"text-align: justify;\">\n\t<span style=\"font-size:12px;\"><span style=\"font-family:arial,helvetica,sans-serif;\">Em todo o mundo, o reconhecimento e a inser&ccedil;&atilde;o de escritoras aconteceu de forma gradual e com muita luta. Mary Shelley e Virginia Woolf, Emily Dickinson e Louisa May Alcott representam o alvorecer da literatura feminina nos Estados Unidos e no Reino Unido. Elas abriram caminho para que outras escritoras pudessem escrever e publicar e constituem marcos nos estudos da <a href=\"https:\/\/www.posestacio.com.br\/pos-graduacao-a-distancia\/lingua-inglesa-e-suas-literaturas\/3730\/50#area-titulo-curso\" target=\"_blank\"><span style=\"color:#0000cd;\">p&oacute;s EAD em L&iacute;ngua Inglesa e Suas Literaturas<\/span><\/a>.<\/span><\/span><\/div>\n<div style=\"text-align: justify;\">\n\t&nbsp;<\/div>\n<div style=\"text-align: justify;\">\n\t<span style=\"font-size:12px;\"><span style=\"font-family:arial,helvetica,sans-serif;\">No Brasil, n&atilde;o foi diferente. A inser&ccedil;&atilde;o das mulheres tamb&eacute;m aconteceu de forma &aacute;rdua e lenta, como acreditam algumas pesquisadoras brasileiras, como Cl&aacute;udia Castanheira. Podemos perceber isso na ocupa&ccedil;&atilde;o das cadeiras da Academia Brasileira de Letras (ABL), que teve a primeira mulher somente em 1993: a escritora Raquel de Queiroz.<\/span><\/span><\/div>\n<div style=\"text-align: justify;\">\n\t&nbsp;<\/div>\n<div style=\"text-align: justify;\">\n\t<span style=\"font-size:12px;\"><span style=\"font-family:arial,helvetica,sans-serif;\">S&atilde;o grandes os nomes de mulheres na literatura brasileira, que passam por Maria Firmina dos Reis, Lygia Fagundes Telles, Cora Coralina, Cec&iacute;lia Meireles e tantos outros nomes ilustres, que ajudaram a construir e a inspirar escritoras por todo o pa&iacute;s.&nbsp;<\/span><\/span><\/div>\n<div style=\"text-align: center;\">\n\t<a href=\"http:\/\/posestacio.rds.land\/marotona-pos-estacio-traducao\" target=\"_blank\"><img decoding=\"async\" alt=\"curso online de tradu\u00e7\u00e3o e l\u00ednguas\" src=\"https:\/\/painel.posestacio.com.br\/assets\/uploads\/81\/6196e-tradu----o-e-linguas.png\" style=\"width: 350px; height: 175px;\" \/><\/a><\/div>\n<div style=\"text-align: justify;\">\n\t&nbsp;<\/div>\n<h2 style=\"text-align: justify;\">\n\t<span style=\"font-size:14px;\"><strong><span style=\"font-family:arial,helvetica,sans-serif;\">Veja 5 escritoras extraordin&aacute;rias da literatura brasileira<\/span><\/strong><\/span><\/h2>\n<h3 style=\"text-align: justify;\">\n\t<span style=\"font-size:14px;\"><strong><span style=\"font-family:arial,helvetica,sans-serif;\">1. Ad&eacute;lia Prado<\/span><\/strong><\/span><\/h3>\n<div style=\"text-align: justify;\">\n\t<span style=\"font-size:12px;\"><span style=\"font-family:arial,helvetica,sans-serif;\">Poeta, romancista, contista e autora de hist&oacute;rias infantis, ligada ao Modernismo. Em suas obras, abordou tem&aacute;ticas da vida cotidiana dom&eacute;stica e da sexualidade, possibilitando um retrato da condi&ccedil;&atilde;o feminina de sua &eacute;poca.&nbsp;<\/span><\/span><\/div>\n<div style=\"text-align: justify;\">\n\t&nbsp;<\/div>\n<div style=\"text-align: justify;\">\n\t<span style=\"font-size:12px;\"><span style=\"font-family:arial,helvetica,sans-serif;\">Entre suas obras, podemos destacar: <em>Bagagem<\/em> (1976); <em>O cora&ccedil;&atilde;o disparado<\/em> (1978); <em>Solte os cachorros<\/em> (1979); e <em>Cacos para um vitral <\/em>(1980).&nbsp;<\/span><\/span><\/div>\n<div style=\"text-align: justify;\">\n\t&nbsp;<\/div>\n<h3 style=\"text-align: justify;\">\n\t<span style=\"font-size:14px;\"><strong><span style=\"font-family:arial,helvetica,sans-serif;\">2. Carolina Maria de Jesus<\/span><\/strong><\/span><\/h3>\n<div style=\"text-align: justify;\">\n\t<span style=\"font-size:12px;\"><span style=\"font-family:arial,helvetica,sans-serif;\">Autora de di&aacute;rios, romances e poemas, bem como do c&eacute;lebre livro <em>Quarto de despejo: di&aacute;rio de uma favelada<\/em> (1960), que retrata sua vida na favela do Canind&eacute;, em S&atilde;o Paulo, mesclando depoimentos que mostram seu cotidiano e seus sentimentos frente &agrave; desigualdade social exposta na obra.&nbsp;<\/span><\/span><\/div>\n<div style=\"text-align: justify;\">\n\t&nbsp;<\/div>\n<div style=\"text-align: justify;\">\n\t<span style=\"font-size:12px;\"><span style=\"font-family:arial,helvetica,sans-serif;\">Al&eacute;m de Quarto de despejo, podemos citar as obras: <em>Casa de alvenaria: di&aacute;rio de uma ex-favelada<\/em> (1961);<em> Peda&ccedil;os de fome<\/em> (1963); <em>Prov&eacute;rbios<\/em> (1965); <em>Di&aacute;rio de Bitita<\/em> (1986);<em> Antologia pessoal<\/em> (1996); e <em>Onde estaes felicidade?<\/em> (2014).&nbsp;<\/span><\/span><\/div>\n<div style=\"text-align: justify;\">\n\t&nbsp;<\/div>\n<h3 style=\"text-align: justify;\">\n\t<span style=\"font-size:14px;\"><strong><span style=\"font-family:arial,helvetica,sans-serif;\">3. Concei&ccedil;&atilde;o Evaristo<\/span><\/strong><\/span><\/h3>\n<div style=\"text-align: justify;\">\n\t<span style=\"font-size:12px;\"><span style=\"font-family:arial,helvetica,sans-serif;\">Romancista, contista e poeta mineira, Concei&ccedil;&atilde;o Evaristo tem como base a experi&ecirc;ncia das mulheres negras, fornecendo reflex&otilde;es sobre o racismo no Brasil, como uma forma de resgatar e recuperar a ancestralidade da negritude do pa&iacute;s. A autora &eacute; extremamente importante para a <a href=\"https:\/\/conteudo.posestacio.com.br\/black-translation-pete-rissatti\" target=\"_blank\"><span style=\"color:#0000cd;\">representatividade negra na literatura<\/span><\/a>.&nbsp;<\/span><\/span><\/div>\n<div style=\"text-align: justify;\">\n\t&nbsp;<\/div>\n<div style=\"text-align: justify;\">\n\t<span style=\"font-size:12px;\"><span style=\"font-family:arial,helvetica,sans-serif;\">Entre suas principais obras, est&atilde;o: <em>Ponci&aacute; Vic&ecirc;ncio<\/em> (2003); <em>Poemas da recorda&ccedil;&atilde;o e outros movimentos<\/em> (2008); <em>Insubmissas l&aacute;grimas de mulheres<\/em> (2011); <em>Olhos d&rsquo;&aacute;gua<\/em> (2014); e <em>Hist&oacute;rias de leves enganos e parecen&ccedil;as <\/em>(2016).<\/span><\/span><\/div>\n<div style=\"text-align: justify;\">\n\t&nbsp;<\/div>\n<h3 style=\"text-align: justify;\">\n\t<span style=\"font-size:14px;\"><strong><span style=\"font-family:arial,helvetica,sans-serif;\">4. Clarice Lispector<\/span><\/strong><\/span><\/h3>\n<div style=\"text-align: justify;\">\n\t<span style=\"font-size:12px;\"><span style=\"font-family:arial,helvetica,sans-serif;\">Romancista, cronista, contista, jornalista e tradutora. Um dos nomes mais expressivos da literatura brasileira, Clarice Lispector n&atilde;o podia ficar de fora dessa lista, ainda mais no ano do centen&aacute;rio de seu nascimento. Suas tem&aacute;ticas s&atilde;o, em geral, existencialistas e psicol&oacute;gicas. A centralidade das narrativas est&aacute; no interior das personagens. Sua literatura focaliza as sensa&ccedil;&otilde;es, os sentimentos, os pensamentos e as mem&oacute;rias de suas personagens.<\/span><\/span><\/div>\n<div style=\"text-align: justify;\">\n\t&nbsp;<\/div>\n<div style=\"text-align: justify;\">\n\t<span style=\"font-size:12px;\"><span style=\"font-family:arial,helvetica,sans-serif;\">De sua obra, podemos citar: <em>Perto do cora&ccedil;&atilde;o selvagem<\/em> (1943); <em>La&ccedil;os de fam&iacute;lia<\/em> (1960); <em>A paix&atilde;o segundo G. H.<\/em> (1964); <em>A hora da estrela<\/em> (1977); e <em>A descoberta do mundo<\/em> (1984).<\/span><\/span><\/div>\n<div style=\"text-align: justify;\">\n\t&nbsp;<\/div>\n<h3 style=\"text-align: justify;\">\n\t<span style=\"font-size:14px;\"><strong><span style=\"font-family:arial,helvetica,sans-serif;\">5. Hilda Hilst<\/span><\/strong><\/span><\/h3>\n<div style=\"text-align: justify;\">\n\t<span style=\"font-size:12px;\"><span style=\"font-family:arial,helvetica,sans-serif;\">Poeta, dramaturga, ficcionista e cronista paulista. Hilda Hilst produziu uma obra liter&aacute;ria vasta, com linguagem inovadora. Ao todo, s&atilde;o mais de 40 t&iacute;tulos publicados, que se movimentam entre tem&aacute;ticas como insanidade, erotismo e divindade.&nbsp;<\/span><\/span><\/div>\n<div style=\"text-align: justify;\">\n\t&nbsp;<\/div>\n<div style=\"text-align: justify;\">\n\t<span style=\"font-size:12px;\"><span style=\"font-family:arial,helvetica,sans-serif;\">Para conhecer o trabalho de Hilda Hilst, voc&ecirc; pode viajar pelas obras: <em>O novo sistema<\/em> (1968); <em>Tu n&atilde;o te moves de ti <\/em>(1980); <em>A obscena senhora D.<\/em> (1982); e <em>Buf&oacute;licas<\/em> (1992).<\/span><\/span><\/div>\n<div style=\"text-align: justify;\">\n\t&nbsp;<\/div>\n<div style=\"text-align: justify;\">\n\t<span style=\"font-size:12px;\"><span style=\"font-family:arial,helvetica,sans-serif;\">Essas s&atilde;o apenas algumas das importantes figuras femininas da literatura brasileira, mas existem muitas outras, inclusive as mulheres que est&atilde;o lan&ccedil;ando seus trabalhos atualmente. Ler e consumir obras nacionais produzidas por mulheres &eacute; uma forma de valorizar os trabalhos escritos em solo nacional.<\/span><\/span><\/div>\n<div style=\"text-align: justify;\">\n\t&nbsp;<\/div>\n<div style=\"text-align: justify;\">\n\t<strong><span style=\"font-size:12px;\"><span style=\"font-family:arial,helvetica,sans-serif;\">Veja tamb&eacute;m:<\/span><\/span><\/strong><\/div>\n<div style=\"text-align: justify;\">\n\t<span style=\"font-size:12px;\"><span style=\"font-family:arial,helvetica,sans-serif;\">+ <a href=\"https:\/\/www.posestacio.com.br\/a-importancia-do-pensamento-critico-para-a-liberdade-de-expressao-e-pensamento\/noticia\/1867\" target=\"_blank\"><span style=\"color:#0000cd;\">A import&acirc;ncia do pensamento cr&iacute;tico para a liberdade de express&atilde;o e pensamento<\/span><\/a><\/span><\/span><\/div>\n<div style=\"text-align: justify;\">\n\t<span style=\"font-size:12px;\"><span style=\"font-family:arial,helvetica,sans-serif;\">+&nbsp;<a href=\"https:\/\/www.posestacio.com.br\/6-beneficios-da-leitura-que-vao-instigar-voce-a-ler-mais\/noticia\/1911\" target=\"_blank\"><span style=\"color:#0000cd;\">6 Benef&iacute;cios da leitura que v&atilde;o instigar voc&ecirc; a ler mais<\/span><\/a><\/span><\/span><\/div>\n<div style=\"text-align: justify;\">\n\t<span style=\"font-size:12px;\"><span style=\"font-family:arial,helvetica,sans-serif;\">+ <a href=\"https:\/\/www.posestacio.com.br\/quer-ser-dublador-saiba-mais-sobre-a-carreira-em-dublagem-audiovisual\/noticia\/1863\" target=\"_blank\"><span style=\"color:#0000cd;\">Dublagem e tradu&ccedil;&atilde;o audiovisual&nbsp;<\/span><\/a><\/span><\/span><\/div>\n<div>\n\t&nbsp;<\/div>\n\n","protected":false},"excerpt":{"rendered":"<p>Da poesia ao romance, ou do conto ao ensaio, s&atilde;o infinitas as possibilidades de express&atilde;o por meio das palavras. Os escritores e as escritoras sabem bem disso e fazem da escrita sua forma de expressar, comunicar, dialogar e pensar.&nbsp; &nbsp; Para homenagear seus trabalhos, o dia 25 de julho foi institu&iacute;do como o Dia Nacional [&hellip;]<\/p>\n","protected":false},"author":1,"featured_media":5976,"comment_status":"closed","ping_status":"open","sticky":false,"template":"","format":"standard","meta":{"footnotes":""},"categories":[1],"tags":[],"class_list":["post-5974","post","type-post","status-publish","format-standard","has-post-thumbnail","hentry","category-noticias"],"_links":{"self":[{"href":"https:\/\/www.graduacaobr.com.br\/estacio\/wp-json\/wp\/v2\/posts\/5974","targetHints":{"allow":["GET"]}}],"collection":[{"href":"https:\/\/www.graduacaobr.com.br\/estacio\/wp-json\/wp\/v2\/posts"}],"about":[{"href":"https:\/\/www.graduacaobr.com.br\/estacio\/wp-json\/wp\/v2\/types\/post"}],"author":[{"embeddable":true,"href":"https:\/\/www.graduacaobr.com.br\/estacio\/wp-json\/wp\/v2\/users\/1"}],"replies":[{"embeddable":true,"href":"https:\/\/www.graduacaobr.com.br\/estacio\/wp-json\/wp\/v2\/comments?post=5974"}],"version-history":[{"count":0,"href":"https:\/\/www.graduacaobr.com.br\/estacio\/wp-json\/wp\/v2\/posts\/5974\/revisions"}],"wp:featuredmedia":[{"embeddable":true,"href":"https:\/\/www.graduacaobr.com.br\/estacio\/wp-json\/wp\/v2\/media\/5976"}],"wp:attachment":[{"href":"https:\/\/www.graduacaobr.com.br\/estacio\/wp-json\/wp\/v2\/media?parent=5974"}],"wp:term":[{"taxonomy":"category","embeddable":true,"href":"https:\/\/www.graduacaobr.com.br\/estacio\/wp-json\/wp\/v2\/categories?post=5974"},{"taxonomy":"post_tag","embeddable":true,"href":"https:\/\/www.graduacaobr.com.br\/estacio\/wp-json\/wp\/v2\/tags?post=5974"}],"curies":[{"name":"wp","href":"https:\/\/api.w.org\/{rel}","templated":true}]}}