{"id":6357,"date":"2019-06-03T00:00:00","date_gmt":"2019-06-03T00:00:00","guid":{"rendered":"https:\/\/www.posestacio.com.br\/?p=5419"},"modified":"2023-06-20T15:46:25","modified_gmt":"2023-06-20T18:46:25","slug":"vacinao-geral-contra-a-gripe-comea-nesta-segunda-feira-3","status":"publish","type":"post","link":"https:\/\/www.graduacaobr.com.br\/estacio\/vacinao-geral-contra-a-gripe-comea-nesta-segunda-feira-3\/","title":{"rendered":"Vacina\u00e7\u00e3o geral contra a gripe come\u00e7a nesta segunda-feira (3)"},"content":{"rendered":"\n<p style=\"text-align: justify;\">\r\n\tCom o fim da campanha de vacina&ccedil;&atilde;o contra a gripe na &uacute;ltima sexta-feira (31), voltada para grupos priorit&aacute;rios, as doses restantes estar&atilde;o dispon&iacute;veis para a popula&ccedil;&atilde;o geral a partir desta segunda-feira (3).<\/p>\r\n<p style=\"text-align: justify;\">\r\n\tSegundo o Minist&eacute;rio da Sa&uacute;de, 75% do p&uacute;blico alvo da campanha que inclui gestantes, crian&ccedil;as, idosos, ind&iacute;genas, professores e funcion&aacute;rios da sa&uacute;de, recebeu as doses da vacina contra influenza, popularmente conhecida como a vacina contra a gripe. At&eacute; a &uacute;ltima quarta-feira (29), 44,6 milh&otilde;es de pessoas do grupo priorit&aacute;rio foram imunizadas.<\/p>\r\n<p style=\"text-align: justify;\">\r\n\t<strong>A import&acirc;ncia da vacina&ccedil;&atilde;o<\/strong><\/p>\r\n<p style=\"text-align: justify;\">\r\n\tA vacina&ccedil;&atilde;o &eacute; a forma mais eficaz de preven&ccedil;&atilde;o contra diversas doen&ccedil;as graves que podem levar &agrave; morte, como hepatite, tuberculose, t&eacute;tano, febre amarela, sarampo e meningite. Gra&ccedil;as &agrave; campanhas governamentais de conscientiza&ccedil;&atilde;o, houve, da met&aacute;de do s&eacute;culo XX para c&aacute;, uma queda dr&aacute;stica no n&uacute;mero de mortes causadas por doen&ccedil;as contagiosas ou virais,&nbsp; como coqueluche, poliomielite e rub&eacute;ola.<\/p>\r\n<p style=\"text-align: justify;\">\r\n\tA preocupa&ccedil;&atilde;o quanto ao retorno de doen&ccedil;as que haviam sido erradicadas ou que apresentavam poucos registros voltou &agrave; tona em 2018, quando se registrou o &iacute;ndice de vacina&ccedil;&atilde;o mais baixo dos &uacute;ltimos 17 anos. Em 2017, a meta do Minist&eacute;rio da Sa&uacute;de era imunizar 95% da popula&ccedil;&atilde;o, mas apenas 76% da popula&ccedil;&atilde;o foi vacinada.<\/p>\r\n<p style=\"text-align: justify;\">\r\n\tA queda dos &iacute;ndices de vacina&ccedil;&atilde;o abre margem para o retorno de doen&ccedil;as j&aacute; erradicadas no pa&iacute;s, al&eacute;mdo aumento de incid&ecirc;ncias de doen&ccedil;as que antes eram raras. At&eacute; a metade de 2018, por exemplo, foram registrados 472 casos de sarampo<\/p>\r\n<p style=\"text-align: justify;\">\r\n\t<strong>Do que s&atilde;o feitas as vacinas?<\/strong><\/p>\r\n<p style=\"text-align: justify;\">\r\n\t&Eacute; importante que a popula&ccedil;&atilde;o saiba que as vacinas s&atilde;o seguras e eficazes. As doses s&atilde;o produzidas com micro-organismos da pr&oacute;pria doen&ccedil;a que se busca prevenir. A vacina contra sarampo, por exemplo, cont&eacute;m o v&iacute;rus enfraquecido ou morto. Isso faz com que o corpo crie resist&ecirc;ncia e n&atilde;o desenvolva a doen&ccedil;a, mas a combata, se for necess&aacute;rio. Antes de ser liberada para uso da popula&ccedil;&atilde;o, as vacinas passam por diversos testes rigorosos para garantir sua efic&aacute;cia e seguran&ccedil;a, al&eacute;m de serem fiscalizadas e sancionadas pela Ag&ecirc;ncia Nacional de Vigil&acirc;ncia Sanit&aacute;ria (Anvisa).<\/p>\r\n<p>\r\n\t<em><strong>Voc&ecirc; &eacute; profissional de sa&uacute;de e deseja aprofundar seus conhecimentos? Conhe&ccedil;a os cursos de especializa&ccedil;&atilde;o em <a href=\"https:\/\/www.posestacio.com.br\/pos-graduacao\/saude\/81\">Sa&uacute;de<\/a>,&nbsp;<a href=\"https:\/\/www.posestacio.com.br\/pos-graduacao\/medicina\/86\">Medicina<\/a>&nbsp;e <a href=\"https:\/\/www.posestacio.com.br\/pos-graduacao\/enfermagem\/39\">Enfermagem<\/a> da P&oacute;s Est&aacute;cio!<\/strong><\/em><\/p>\r\n\n","protected":false},"excerpt":{"rendered":"<p>Com o fim da campanha de vacina&ccedil;&atilde;o contra a gripe na &uacute;ltima sexta-feira (31), voltada para grupos priorit&aacute;rios, as doses restantes estar&atilde;o dispon&iacute;veis para a popula&ccedil;&atilde;o geral a partir desta segunda-feira (3). Segundo o Minist&eacute;rio da Sa&uacute;de, 75% do p&uacute;blico alvo da campanha que inclui gestantes, crian&ccedil;as, idosos, ind&iacute;genas, professores e funcion&aacute;rios da sa&uacute;de, recebeu [&hellip;]<\/p>\n","protected":false},"author":1,"featured_media":6359,"comment_status":"closed","ping_status":"open","sticky":false,"template":"","format":"standard","meta":{"footnotes":""},"categories":[1],"tags":[],"class_list":["post-6357","post","type-post","status-publish","format-standard","has-post-thumbnail","hentry","category-noticias"],"_links":{"self":[{"href":"https:\/\/www.graduacaobr.com.br\/estacio\/wp-json\/wp\/v2\/posts\/6357","targetHints":{"allow":["GET"]}}],"collection":[{"href":"https:\/\/www.graduacaobr.com.br\/estacio\/wp-json\/wp\/v2\/posts"}],"about":[{"href":"https:\/\/www.graduacaobr.com.br\/estacio\/wp-json\/wp\/v2\/types\/post"}],"author":[{"embeddable":true,"href":"https:\/\/www.graduacaobr.com.br\/estacio\/wp-json\/wp\/v2\/users\/1"}],"replies":[{"embeddable":true,"href":"https:\/\/www.graduacaobr.com.br\/estacio\/wp-json\/wp\/v2\/comments?post=6357"}],"version-history":[{"count":0,"href":"https:\/\/www.graduacaobr.com.br\/estacio\/wp-json\/wp\/v2\/posts\/6357\/revisions"}],"wp:featuredmedia":[{"embeddable":true,"href":"https:\/\/www.graduacaobr.com.br\/estacio\/wp-json\/wp\/v2\/media\/6359"}],"wp:attachment":[{"href":"https:\/\/www.graduacaobr.com.br\/estacio\/wp-json\/wp\/v2\/media?parent=6357"}],"wp:term":[{"taxonomy":"category","embeddable":true,"href":"https:\/\/www.graduacaobr.com.br\/estacio\/wp-json\/wp\/v2\/categories?post=6357"},{"taxonomy":"post_tag","embeddable":true,"href":"https:\/\/www.graduacaobr.com.br\/estacio\/wp-json\/wp\/v2\/tags?post=6357"}],"curies":[{"name":"wp","href":"https:\/\/api.w.org\/{rel}","templated":true}]}}