{"id":6462,"date":"2019-03-22T00:00:00","date_gmt":"2019-03-22T00:00:00","guid":{"rendered":"https:\/\/www.posestacio.com.br\/?p=5419"},"modified":"2023-06-20T15:46:25","modified_gmt":"2023-06-20T18:46:25","slug":"as-mudanas-no-cenrio-da-educao","status":"publish","type":"post","link":"https:\/\/www.graduacaobr.com.br\/estacio\/as-mudanas-no-cenrio-da-educao\/","title":{"rendered":"As mudan\u00e7as no cen\u00e1rio da Educa\u00e7\u00e3o"},"content":{"rendered":"\n<div style=\"text-align: justify;\">\n\tA cada ano os educadores se perguntam quais os desafios o Brasil enfrentar&aacute; na de educa&ccedil;&atilde;o. Da mesma maneira, as tend&ecirc;ncias nesta &aacute;rea tamb&eacute;m interessam aos professores, diretores ou at&eacute; mesmo alunos. E n&atilde;o &eacute; para menos que, em 2019, os educadores devem estar de olho nas novidades. As mudan&ccedil;as nos membros do governo e os pr&oacute;ximos passos que o novo presidente buscar&aacute; em exerc&iacute;cio do poder podem alterar, ou n&atilde;o, os rumos do ensino no Brasil.&nbsp;<\/div>\n<div style=\"text-align: justify;\">\n\t&nbsp;<\/div>\n<div style=\"text-align: justify;\">\n\tJ&aacute; no m&ecirc;s de janeiro ocorreu a substitui&ccedil;&atilde;o no cargo de presidente do Inep (Instituto Nacional de Estudos e Pesquisas Estat&iacute;sticas An&iacute;sio Teixeira). A at&eacute; ent&atilde;o empossada na posi&ccedil;&atilde;o desde 2016, professora Maria In&ecirc;s Fini foi exonerada e, no seu lugar, entrou o tamb&eacute;m professor&nbsp; Marcus Vinicius Rodrigues. Esta medida por si s&oacute; tem impactos no rumo da educa&ccedil;&atilde;o brasileira, pois o Inep produz todas as informa&ccedil;&otilde;es educacionais no pa&iacute;s, sendo instrumento essencial no rumo de pol&iacute;ticas educacionais.&nbsp;<\/div>\n<div style=\"text-align: justify;\">\n\t&nbsp;<\/div>\n<div style=\"text-align: justify;\">\n\tOutros exemplos semelhantes ocorrem com o Enem &ndash; os rumos da prova de acesso ao ensino superior ainda s&atilde;o incertos. O mesmo pode ser dito do curr&iacute;culo ensinado no Ensino M&eacute;dio, em vista&nbsp; da&nbsp; nova Reforma do Ensino M&eacute;dio, sancionada em 2017.&nbsp;<\/div>\n<div style=\"text-align: justify;\">\n\t&nbsp;<\/div>\n<div style=\"text-align: justify;\">\n\tContudo, se h&aacute; uma tend&ecirc;ncia garantida em 2019 &eacute; o uso de tecnologias em sala de aula. Os alunos est&atilde;o cada vez mais conectados e ignorar o uso da tecnologia na exposi&ccedil;&atilde;o do conte&uacute;do a ser ensinado &eacute; imposs&iacute;vel. As faculdades informadas das novas necessidades j&aacute; procuram inserir&nbsp; o uso de tecnologias no ensino em seu conte&uacute;do program&aacute;tico.&nbsp;<\/div>\n<div style=\"text-align: justify;\">\n\t&nbsp;<\/div>\n<div style=\"text-align: justify;\">\n\tAo mesmo tempo, novas estrat&eacute;gias como a de aprendizagem participativa ganham espa&ccedil;o e buscam tornar o aluno parte essencial no processo de constru&ccedil;&atilde;o do conhecimento.&nbsp;<\/div>\n<div style=\"text-align: justify;\">\n\t&nbsp;<\/div>\n<div style=\"text-align: justify;\">\n\t&#8212;&#8212;&#8212;&#8212;&#8212;&#8212;&#8212;&#8212;&#8212;&#8212;&#8212;&#8212;&#8212;&#8212;&#8212;<\/div>\n<div style=\"text-align: justify;\">\n\t&nbsp;<\/div>\n<div style=\"text-align: justify;\">\n\tDiante dessas mudan&ccedil;as &eacute; correto dizer que, se h&aacute; uma &aacute;rea com potencial de inova&ccedil;&atilde;o e novidades, com certeza &eacute; a educa&ccedil;&atilde;o. Os dados fornecidos pelo IBGE (Instituto Brasileiro de Geografia e Estat&iacute;stica), coletados de 2016 a 2017, revelando a exist&ecirc;ncia 11,5 milh&otilde;es de analfabetos comprovam a necessidade de priorizar a educa&ccedil;&atilde;o. E para isso, profissionais qualificados s&atilde;o necess&aacute;rios.&nbsp;<\/div>\n<div style=\"text-align: justify;\">\n\t&nbsp;<\/div>\n<div style=\"text-align: justify;\">\n\tVoc&ecirc; &eacute; aluno, ou profissional deste campo de atua&ccedil;&atilde;o?&nbsp;<\/div>\n<div style=\"text-align: justify;\">\n\tVenha agora conhecer os cursos de <strong><a href=\"http:\/\/www.posestacio.com.br\/pos-graduacao\/educacao\/16\">p&oacute;s-gradua&ccedil;&atilde;o em Educa&ccedil;&atilde;o<\/a><\/strong> da Est&aacute;cio e n&atilde;o perca a oportunidade de ser um ator importante na mudan&ccedil;a desse cen&aacute;rio!<\/div>\n<div style=\"text-align: justify;\">\n\t&nbsp;<\/div>\n<div style=\"text-align: justify;\">\n\t<strong>Fontes utilizadas como refer&ecirc;ncia no texto&nbsp;<\/strong><\/div>\n<div style=\"text-align: justify;\">\n\t&nbsp;<\/div>\n<div style=\"text-align: justify;\">\n\t<a href=\"https:\/\/escolasdisruptivas.com.br\/escolas-do-seculo-xxi\/tendencias-da-educacao-2019\/\">Escolas Disruptivas&nbsp;<\/a><\/div>\n<div style=\"text-align: justify;\">\n\t<a href=\"http:\/\/blog.singularidades.com.br\/quais-sao-as-tendencias-na-educacao-para-2019\/\">Blog Singularidades<\/a><\/div>\n<div style=\"text-align: justify;\">\n\t<a href=\"http:\/\/www.futura.org.br\/o-que-esperar-da-educacao-em-2019\/\">Futura&nbsp;<\/a><\/div>\n<div>\n\t&nbsp;<\/div>\n\n","protected":false},"excerpt":{"rendered":"<p>A cada ano os educadores se perguntam quais os desafios o Brasil enfrentar&aacute; na de educa&ccedil;&atilde;o. Da mesma maneira, as tend&ecirc;ncias nesta &aacute;rea tamb&eacute;m interessam aos professores, diretores ou at&eacute; mesmo alunos. E n&atilde;o &eacute; para menos que, em 2019, os educadores devem estar de olho nas novidades. As mudan&ccedil;as nos membros do governo e [&hellip;]<\/p>\n","protected":false},"author":1,"featured_media":6464,"comment_status":"closed","ping_status":"open","sticky":false,"template":"","format":"standard","meta":{"footnotes":""},"categories":[1],"tags":[],"class_list":["post-6462","post","type-post","status-publish","format-standard","has-post-thumbnail","hentry","category-noticias"],"_links":{"self":[{"href":"https:\/\/www.graduacaobr.com.br\/estacio\/wp-json\/wp\/v2\/posts\/6462","targetHints":{"allow":["GET"]}}],"collection":[{"href":"https:\/\/www.graduacaobr.com.br\/estacio\/wp-json\/wp\/v2\/posts"}],"about":[{"href":"https:\/\/www.graduacaobr.com.br\/estacio\/wp-json\/wp\/v2\/types\/post"}],"author":[{"embeddable":true,"href":"https:\/\/www.graduacaobr.com.br\/estacio\/wp-json\/wp\/v2\/users\/1"}],"replies":[{"embeddable":true,"href":"https:\/\/www.graduacaobr.com.br\/estacio\/wp-json\/wp\/v2\/comments?post=6462"}],"version-history":[{"count":0,"href":"https:\/\/www.graduacaobr.com.br\/estacio\/wp-json\/wp\/v2\/posts\/6462\/revisions"}],"wp:featuredmedia":[{"embeddable":true,"href":"https:\/\/www.graduacaobr.com.br\/estacio\/wp-json\/wp\/v2\/media\/6464"}],"wp:attachment":[{"href":"https:\/\/www.graduacaobr.com.br\/estacio\/wp-json\/wp\/v2\/media?parent=6462"}],"wp:term":[{"taxonomy":"category","embeddable":true,"href":"https:\/\/www.graduacaobr.com.br\/estacio\/wp-json\/wp\/v2\/categories?post=6462"},{"taxonomy":"post_tag","embeddable":true,"href":"https:\/\/www.graduacaobr.com.br\/estacio\/wp-json\/wp\/v2\/tags?post=6462"}],"curies":[{"name":"wp","href":"https:\/\/api.w.org\/{rel}","templated":true}]}}