{"id":6548,"date":"2019-01-24T00:00:00","date_gmt":"2019-01-24T00:00:00","guid":{"rendered":"https:\/\/www.posestacio.com.br\/?p=5419"},"modified":"2023-06-20T15:46:25","modified_gmt":"2023-06-20T18:46:25","slug":"instituies-podem-cadastrar-seus-dados-no-censo-da-educao-2018","status":"publish","type":"post","link":"https:\/\/www.graduacaobr.com.br\/estacio\/instituies-podem-cadastrar-seus-dados-no-censo-da-educao-2018\/","title":{"rendered":"Institui\u00e7\u00f5es podem cadastrar seus dados no Censo da Educa\u00e7\u00e3o 2018"},"content":{"rendered":"\n<div style=\"text-align: justify;\">\n\tTodas as Institui&ccedil;&otilde;es de Educa&ccedil;&atilde;o Superior (IES) brasileiras, p&uacute;blicas e privadas, j&aacute; podem declarar seus dados no Censo da Educa&ccedil;&atilde;o Superior 2018. O Sistema Censup foi disponibilizado pelo Instituto Nacional de Estudos e Pesquisas Educacionais An&iacute;sio Teixeira (Inep), autarquia vinculada ao Mec, na segunda-feira, 14, e ficar&aacute; aberto at&eacute; 26 de abril. A coleta de dados &eacute; realizada diretamente no Sistema Censup.<\/div>\n<div style=\"text-align: justify;\">\n\t&nbsp;<\/div>\n<div style=\"text-align: justify;\">\n\tO preenchimento dos dados &eacute; de responsabilidade do Pesquisador Institucional (PI), representante oficial da IES junto ao Inep. &Eacute; o PI que responde aos question&aacute;rios eletr&ocirc;nicos do Sistema Censup, verifica e corrige poss&iacute;veis inconsist&ecirc;ncias dos dados declarados, al&eacute;m de responder, no limite de suas atribui&ccedil;&otilde;es, a questionamentos do Inep referentes ao Censo da Educa&ccedil;&atilde;o Superior.<\/div>\n<div style=\"text-align: justify;\">\n\t&nbsp;<\/div>\n<div style=\"text-align: justify;\">\n\tCapacita&ccedil;&atilde;o &ndash; O Inep promover&aacute; uma capacita&ccedil;&atilde;o a dist&acirc;ncia para os (PIs) e Auxiliares Institucionais (AI). O objetivo &eacute; qualific&aacute;-los para assegurar a correta inser&ccedil;&atilde;o dos dados. O treinamento &eacute; indispens&aacute;vel para os PIs que realizar&atilde;o o preenchimento do Censo da Educa&ccedil;&atilde;o Superior pela primeira vez. As inscri&ccedil;&otilde;es para a capacita&ccedil;&atilde;o est&atilde;o dispon&iacute;veis apenas para as IES com o cadastro do PI atualizado.<\/div>\n<div style=\"text-align: justify;\">\n\t&nbsp;<\/div>\n<div style=\"text-align: justify;\">\n\tCenso da Educa&ccedil;&atilde;o Superior &ndash; Realizado anualmente pelo Inep, o Censo da Educa&ccedil;&atilde;o Superior re&uacute;ne informa&ccedil;&otilde;es sobre as IES, cursos, docentes e alunos. O preenchimento do Censo &eacute; pr&eacute;-requisito para a expedi&ccedil;&atilde;o de atos regulat&oacute;rios e para a participa&ccedil;&atilde;o das IES em programas do Minist&eacute;rio da Educa&ccedil;&atilde;o, como o Prouni, o Fies e as bolsas da Capes. Como forma de aprimorar a qualidade das an&aacute;lises realizadas, os dados trazem as informa&ccedil;&otilde;es de alunos e profissionais individualmente. Ou seja, permite que as pol&iacute;ticas do setor e seus participantes sejam acompanhados de maneira minuciosa. O Censo subsidia ainda a Avalia&ccedil;&atilde;o da Educa&ccedil;&atilde;o Superior, sendo insumo para o c&aacute;lculo do Conceito Preliminar de Curso (CPC) e do &Iacute;ndice Geral de Cursos (IGC), Indicadores da Qualidade da Educa&ccedil;&atilde;o Superior divulgados pelo Inep.<\/div>\n<div style=\"text-align: justify;\">\n\t&nbsp;<\/div>\n<div style=\"text-align: justify;\">\n\t&#8212;&#8212;&#8212;&#8212;&#8212;&#8212;&#8212;&#8212;&#8212;&#8212;&#8212;<\/div>\n<div style=\"text-align: justify;\">\n\t&nbsp;<\/div>\n<div style=\"text-align: justify;\">\n\t<strong>Se voc&ecirc; &eacute; profissional da Educa&ccedil;&atilde;o, pretende aprimorar seus conhecimentos e espera mudan&ccedil;as que podem trazer benef&iacute;cios &agrave; sua carreira, conhe&ccedil;a os cursos de <a href=\"http:\/\/www.posestacio.com.br\/pos-graduacao\/educacao\/16\">P&oacute;s-Gradua&ccedil;&atilde;o em Educa&ccedil;&atilde;o<\/a> da Est&aacute;cio.&nbsp;<\/strong><\/div>\n<div style=\"text-align: justify;\">\n\t&nbsp;<\/div>\n<div style=\"text-align: justify;\">\n\t<em>Fa&ccedil;a parte de nosso time!&nbsp;<\/em><\/div>\n\n","protected":false},"excerpt":{"rendered":"<p>Todas as Institui&ccedil;&otilde;es de Educa&ccedil;&atilde;o Superior (IES) brasileiras, p&uacute;blicas e privadas, j&aacute; podem declarar seus dados no Censo da Educa&ccedil;&atilde;o Superior 2018. O Sistema Censup foi disponibilizado pelo Instituto Nacional de Estudos e Pesquisas Educacionais An&iacute;sio Teixeira (Inep), autarquia vinculada ao Mec, na segunda-feira, 14, e ficar&aacute; aberto at&eacute; 26 de abril. A coleta de [&hellip;]<\/p>\n","protected":false},"author":1,"featured_media":6550,"comment_status":"closed","ping_status":"open","sticky":false,"template":"","format":"standard","meta":{"footnotes":""},"categories":[1],"tags":[],"class_list":["post-6548","post","type-post","status-publish","format-standard","has-post-thumbnail","hentry","category-noticias"],"_links":{"self":[{"href":"https:\/\/www.graduacaobr.com.br\/estacio\/wp-json\/wp\/v2\/posts\/6548","targetHints":{"allow":["GET"]}}],"collection":[{"href":"https:\/\/www.graduacaobr.com.br\/estacio\/wp-json\/wp\/v2\/posts"}],"about":[{"href":"https:\/\/www.graduacaobr.com.br\/estacio\/wp-json\/wp\/v2\/types\/post"}],"author":[{"embeddable":true,"href":"https:\/\/www.graduacaobr.com.br\/estacio\/wp-json\/wp\/v2\/users\/1"}],"replies":[{"embeddable":true,"href":"https:\/\/www.graduacaobr.com.br\/estacio\/wp-json\/wp\/v2\/comments?post=6548"}],"version-history":[{"count":0,"href":"https:\/\/www.graduacaobr.com.br\/estacio\/wp-json\/wp\/v2\/posts\/6548\/revisions"}],"wp:featuredmedia":[{"embeddable":true,"href":"https:\/\/www.graduacaobr.com.br\/estacio\/wp-json\/wp\/v2\/media\/6550"}],"wp:attachment":[{"href":"https:\/\/www.graduacaobr.com.br\/estacio\/wp-json\/wp\/v2\/media?parent=6548"}],"wp:term":[{"taxonomy":"category","embeddable":true,"href":"https:\/\/www.graduacaobr.com.br\/estacio\/wp-json\/wp\/v2\/categories?post=6548"},{"taxonomy":"post_tag","embeddable":true,"href":"https:\/\/www.graduacaobr.com.br\/estacio\/wp-json\/wp\/v2\/tags?post=6548"}],"curies":[{"name":"wp","href":"https:\/\/api.w.org\/{rel}","templated":true}]}}