{"id":7460,"date":"2017-09-01T00:00:00","date_gmt":"2017-09-01T00:00:00","guid":{"rendered":"https:\/\/www.posestacio.com.br\/?p=5419"},"modified":"2023-06-20T15:46:25","modified_gmt":"2023-06-20T18:46:25","slug":"estcio-promove-ciclo-de-palestras-nutrio-e-esporte-no-rio-de-janeiro-rj","status":"publish","type":"post","link":"https:\/\/www.graduacaobr.com.br\/estacio\/estcio-promove-ciclo-de-palestras-nutrio-e-esporte-no-rio-de-janeiro-rj\/","title":{"rendered":"Est\u00e1cio promove Ciclo de Palestras &#8211; Nutri\u00e7\u00e3o e Esporte, no Rio de Janeiro &#8211; RJ"},"content":{"rendered":"\n<div>\r\n\tCom o objetivo de promover a integra&ccedil;&atilde;o entre a &aacute;rea da Nutri&ccedil;&atilde;o e os benef&iacute;cios proporcionados pelo Esporte, a Universidade Est&aacute;cio tem a honra e convidar os interessados para mais um Ciclo de palestras &#8211; Nutri&ccedil;&atilde;o e Esporte. O evento vai acontecer no Rio de Janeiro- RJ, na data de 21\/09\/2017.&nbsp;<\/div>\r\n<div>\r\n\t&nbsp;<\/div>\r\n<div>\r\n\tVeja a programa&ccedil;&atilde;o completa!<\/div>\r\n<div>\r\n\t&nbsp;<\/div>\r\n<div>\r\n\t&nbsp;<\/div>\r\n<div>\r\n\tPalestras<\/div>\r\n<div>\r\n\t&nbsp;<\/div>\r\n<div>\r\n\tManipula&ccedil;&atilde;o do Treinamento de For&ccedil;a no Gasto Energ&eacute;tico &#8211; Das 16h &agrave;s 17h<\/div>\r\n<div>\r\n\t&nbsp;<\/div>\r\n<div>\r\n\tPalestrante: ROBERTO SIM&Atilde;O<\/div>\r\n<div>\r\n\t&nbsp;<\/div>\r\n<div>\r\n\t&nbsp;<\/div>\r\n<div>\r\n\t&nbsp;<\/div>\r\n<div>\r\n\tFitoterapia na Obesidade &#8211; Das 17h &agrave;s 18h<\/div>\r\n<div>\r\n\t&nbsp;<\/div>\r\n<div>\r\n\tProfessora: JEANE ANDREIA PEDROSA NOGUEIRA<\/div>\r\n<div>\r\n\t&nbsp;<\/div>\r\n<div>\r\n\t&nbsp;<\/div>\r\n<div>\r\n\t&nbsp;<\/div>\r\n<div>\r\n\tTreinamento Integrado na Preven&ccedil;&atilde;o e Retreinamento de Les&otilde;es &#8211; Das 18h &agrave;s 19h<\/div>\r\n<div>\r\n\t&nbsp;<\/div>\r\n<div>\r\n\tPalestrante: HAROLDO GUALTER SANT&rsquo;ANA<\/div>\r\n<div>\r\n\t&nbsp;<\/div>\r\n<div>\r\n\t&nbsp;<\/div>\r\n<div>\r\n\t&nbsp;<\/div>\r\n<div>\r\n\tHorm&ocirc;nio do Crescimento (GH) e Exerc&iacute;cio f&iacute;sico: Conhecimentos atuais &#8211; Das 19h &agrave;s 20h<\/div>\r\n<div>\r\n\t&nbsp;<\/div>\r\n<div>\r\n\tPalestrante: DANIELE LE&Atilde;O IGNACIO&nbsp;<\/div>\r\n<div>\r\n\t&nbsp;<\/div>\r\n<div>\r\n\tInscri&ccedil;&otilde;es&gt;&gt;&gt;&nbsp;<a href=\"http:\/\/materiais.institutophorte.com.br\/ciclo_palestras_nutricao\">https:\/\/goo.gl\/wqry8Q<\/a><\/div>\r\n\n","protected":false},"excerpt":{"rendered":"<p>Com o objetivo de promover a integra&ccedil;&atilde;o entre a &aacute;rea da Nutri&ccedil;&atilde;o e os benef&iacute;cios proporcionados pelo Esporte, a Universidade Est&aacute;cio tem a honra e convidar os interessados para mais um Ciclo de palestras &#8211; Nutri&ccedil;&atilde;o e Esporte. O evento vai acontecer no Rio de Janeiro- RJ, na data de 21\/09\/2017.&nbsp; &nbsp; Veja a programa&ccedil;&atilde;o [&hellip;]<\/p>\n","protected":false},"author":1,"featured_media":7462,"comment_status":"closed","ping_status":"open","sticky":false,"template":"","format":"standard","meta":{"footnotes":""},"categories":[1],"tags":[],"class_list":["post-7460","post","type-post","status-publish","format-standard","has-post-thumbnail","hentry","category-noticias"],"_links":{"self":[{"href":"https:\/\/www.graduacaobr.com.br\/estacio\/wp-json\/wp\/v2\/posts\/7460","targetHints":{"allow":["GET"]}}],"collection":[{"href":"https:\/\/www.graduacaobr.com.br\/estacio\/wp-json\/wp\/v2\/posts"}],"about":[{"href":"https:\/\/www.graduacaobr.com.br\/estacio\/wp-json\/wp\/v2\/types\/post"}],"author":[{"embeddable":true,"href":"https:\/\/www.graduacaobr.com.br\/estacio\/wp-json\/wp\/v2\/users\/1"}],"replies":[{"embeddable":true,"href":"https:\/\/www.graduacaobr.com.br\/estacio\/wp-json\/wp\/v2\/comments?post=7460"}],"version-history":[{"count":0,"href":"https:\/\/www.graduacaobr.com.br\/estacio\/wp-json\/wp\/v2\/posts\/7460\/revisions"}],"wp:featuredmedia":[{"embeddable":true,"href":"https:\/\/www.graduacaobr.com.br\/estacio\/wp-json\/wp\/v2\/media\/7462"}],"wp:attachment":[{"href":"https:\/\/www.graduacaobr.com.br\/estacio\/wp-json\/wp\/v2\/media?parent=7460"}],"wp:term":[{"taxonomy":"category","embeddable":true,"href":"https:\/\/www.graduacaobr.com.br\/estacio\/wp-json\/wp\/v2\/categories?post=7460"},{"taxonomy":"post_tag","embeddable":true,"href":"https:\/\/www.graduacaobr.com.br\/estacio\/wp-json\/wp\/v2\/tags?post=7460"}],"curies":[{"name":"wp","href":"https:\/\/api.w.org\/{rel}","templated":true}]}}