{"id":8332,"date":"2017-01-06T00:00:00","date_gmt":"2017-01-06T00:00:00","guid":{"rendered":"https:\/\/www.posestacio.com.br\/?p=5419"},"modified":"2023-06-20T15:46:25","modified_gmt":"2023-06-20T18:46:25","slug":"nutrio-esportiva-a-utilizao-dos-fitoterpicos-no-exerccio","status":"publish","type":"post","link":"https:\/\/www.graduacaobr.com.br\/estacio\/nutrio-esportiva-a-utilizao-dos-fitoterpicos-no-exerccio\/","title":{"rendered":"Nutri\u00e7\u00e3o Esportiva: a utiliza\u00e7\u00e3o dos fitoter\u00e1picos no exerc\u00edcio"},"content":{"rendered":"\n<div>\r\n\tA Coordenadora do curso de P&oacute;s em Prescri&ccedil;&atilde;o de Fitoter&aacute;picos e Suplementa&ccedil;&atilde;o Nutricional e Esportiva, Prof.&ordf; Dra. Gabriela Chamusca, falou em um v&iacute;deo exclusivo sobre &nbsp;Utiliza&ccedil;&atilde;o de Fitoter&aacute;picos no Exerc&iacute;cio e como a pr&aacute;tica vem crescendo no mundo todo como um recurso complementar em diversas &aacute;reas da sa&uacute;de.<\/div>\r\n<div>\r\n\t&nbsp;<\/div>\r\n<div>\r\n\tA docente explica que, a utiliza&ccedil;&atilde;o de fitoter&aacute;picos associada a pr&aacute;tica esportiva vem sendo procurada para diferentes objetivos. De acordo com Chamusca, sem d&uacute;vidas &eacute; preciso ter muita cautela e mais estudos referentes aos mecanismos de a&ccedil;&atilde;o, dosagens e efeitos colaterais em rela&ccedil;&atilde;o aos fitoter&aacute;picos.&nbsp;<\/div>\r\n<div>\r\n\t&nbsp;<\/div>\r\n<div>\r\n\tA Prof.&ordf; Dra. Gabriela refor&ccedil;a que os nutricionistas devem seguir toda a legisla&ccedil;&atilde;o da pr&aacute;tica de fitoterapia de acordo com &nbsp;as resolu&ccedil;&otilde;es dos CFN.&nbsp;<\/div>\r\n<div>\r\n\t&nbsp;<\/div>\r\n<p>\r\n\tAssista na &iacute;ntegra e saiba mais:&nbsp;<\/p>\r\n<p>\r\n\t<iframe allowfullscreen=\"\" frameborder=\"0\" height=\"315\" src=\"https:\/\/www.youtube.com\/embed\/VHKfM3bffrU\" width=\"560\"><\/iframe><\/p>\r\n\n","protected":false},"excerpt":{"rendered":"<p>A Coordenadora do curso de P&oacute;s em Prescri&ccedil;&atilde;o de Fitoter&aacute;picos e Suplementa&ccedil;&atilde;o Nutricional e Esportiva, Prof.&ordf; Dra. Gabriela Chamusca, falou em um v&iacute;deo exclusivo sobre &nbsp;Utiliza&ccedil;&atilde;o de Fitoter&aacute;picos no Exerc&iacute;cio e como a pr&aacute;tica vem crescendo no mundo todo como um recurso complementar em diversas &aacute;reas da sa&uacute;de. &nbsp; A docente explica que, a utiliza&ccedil;&atilde;o [&hellip;]<\/p>\n","protected":false},"author":1,"featured_media":8334,"comment_status":"closed","ping_status":"open","sticky":false,"template":"","format":"standard","meta":{"footnotes":""},"categories":[1],"tags":[],"class_list":["post-8332","post","type-post","status-publish","format-standard","has-post-thumbnail","hentry","category-noticias"],"_links":{"self":[{"href":"https:\/\/www.graduacaobr.com.br\/estacio\/wp-json\/wp\/v2\/posts\/8332","targetHints":{"allow":["GET"]}}],"collection":[{"href":"https:\/\/www.graduacaobr.com.br\/estacio\/wp-json\/wp\/v2\/posts"}],"about":[{"href":"https:\/\/www.graduacaobr.com.br\/estacio\/wp-json\/wp\/v2\/types\/post"}],"author":[{"embeddable":true,"href":"https:\/\/www.graduacaobr.com.br\/estacio\/wp-json\/wp\/v2\/users\/1"}],"replies":[{"embeddable":true,"href":"https:\/\/www.graduacaobr.com.br\/estacio\/wp-json\/wp\/v2\/comments?post=8332"}],"version-history":[{"count":0,"href":"https:\/\/www.graduacaobr.com.br\/estacio\/wp-json\/wp\/v2\/posts\/8332\/revisions"}],"wp:featuredmedia":[{"embeddable":true,"href":"https:\/\/www.graduacaobr.com.br\/estacio\/wp-json\/wp\/v2\/media\/8334"}],"wp:attachment":[{"href":"https:\/\/www.graduacaobr.com.br\/estacio\/wp-json\/wp\/v2\/media?parent=8332"}],"wp:term":[{"taxonomy":"category","embeddable":true,"href":"https:\/\/www.graduacaobr.com.br\/estacio\/wp-json\/wp\/v2\/categories?post=8332"},{"taxonomy":"post_tag","embeddable":true,"href":"https:\/\/www.graduacaobr.com.br\/estacio\/wp-json\/wp\/v2\/tags?post=8332"}],"curies":[{"name":"wp","href":"https:\/\/api.w.org\/{rel}","templated":true}]}}