{"id":8629,"date":"2016-05-05T00:00:00","date_gmt":"2016-05-05T00:00:00","guid":{"rendered":"https:\/\/www.posestacio.com.br\/?p=5419"},"modified":"2023-06-20T15:46:25","modified_gmt":"2023-06-20T18:46:25","slug":"distrbios-relacionados-ao-sistema-musculoesqueltico-com-a-prof-milena-dutra","status":"publish","type":"post","link":"https:\/\/www.graduacaobr.com.br\/estacio\/distrbios-relacionados-ao-sistema-musculoesqueltico-com-a-prof-milena-dutra\/","title":{"rendered":"Dist\u00farbios relacionados ao sistema musculoesquel\u00e9tico, com a Prof.\u00aa Milena Dutra."},"content":{"rendered":"\nA professora Milena Dutra, que leciona algumas disciplinas do curso de <a href=\"http:\/\/www.posestacio.com.br\/curso-de-pos-graduacao-presencial\/sao-paulo\/atividade-fisica-adaptada-e-saude\/28\/9422\/12\">P\u00f3s em Atividade F\u00edsica Adaptada e Sa\u00fade,<\/a> comenta um pouco sobre os dist\u00farbios relacionados ao sistema musculoesquel\u00e9tico, como as principais altera\u00e7\u00f5es posturais, as les\u00f5es ortop\u00e9dicas, tendinites de ombros e diversas outras les\u00f5es que s\u00e3o muito comuns em nosso dia a dia.<br>&nbsp;<br>Ela tamb\u00e9m fala um pouco sobre <a href=\"http:\/\/www.posestacio.com.br\/noticias\/864\/voce-sabe-o-que-e-terapia-manual-e-tecnicas-manipulativas\">t\u00e9cnicas manipulativas<\/a>, como saber qual a melhor forma para reduzir o edema do coto, e sobre como a libera\u00e7\u00e3o miofascial do treinamento funcional ir\u00e1 auxiliar voc\u00ea no seu exerc\u00edcio.<br><br>Assista o v\u00eddeo na integra:<iframe src=\"https:\/\/www.youtube.com\/embed\/E3g2_iFijE4\" allowfullscreen=\"\" frameborder=\"0\" height=\"315\" width=\"560\"><\/iframe><div>Conhe\u00e7a mais sobre o curso de <a href=\"http:\/\/www.posestacio.com.br\/curso-de-pos-graduacao-a-distancia\/atividade-fisica-adaptada-e-saude\/406\">P\u00f3s-gradua\u00e7\u00e3o em Atividade F\u00edsica Adaptada e Sa\u00fade.&nbsp;<\/a><\/div>\n","protected":false},"excerpt":{"rendered":"<p>A professora Milena Dutra, que leciona algumas disciplinas do curso de P\u00f3s em Atividade F\u00edsica Adaptada e Sa\u00fade, comenta um pouco sobre os dist\u00farbios relacionados ao sistema musculoesquel\u00e9tico, como as principais altera\u00e7\u00f5es posturais, as les\u00f5es ortop\u00e9dicas, tendinites de ombros e diversas outras les\u00f5es que s\u00e3o muito comuns em nosso dia a dia.&nbsp;Ela tamb\u00e9m fala um [&hellip;]<\/p>\n","protected":false},"author":1,"featured_media":8631,"comment_status":"closed","ping_status":"open","sticky":false,"template":"","format":"standard","meta":{"footnotes":""},"categories":[1],"tags":[],"class_list":["post-8629","post","type-post","status-publish","format-standard","has-post-thumbnail","hentry","category-noticias"],"_links":{"self":[{"href":"https:\/\/www.graduacaobr.com.br\/estacio\/wp-json\/wp\/v2\/posts\/8629","targetHints":{"allow":["GET"]}}],"collection":[{"href":"https:\/\/www.graduacaobr.com.br\/estacio\/wp-json\/wp\/v2\/posts"}],"about":[{"href":"https:\/\/www.graduacaobr.com.br\/estacio\/wp-json\/wp\/v2\/types\/post"}],"author":[{"embeddable":true,"href":"https:\/\/www.graduacaobr.com.br\/estacio\/wp-json\/wp\/v2\/users\/1"}],"replies":[{"embeddable":true,"href":"https:\/\/www.graduacaobr.com.br\/estacio\/wp-json\/wp\/v2\/comments?post=8629"}],"version-history":[{"count":0,"href":"https:\/\/www.graduacaobr.com.br\/estacio\/wp-json\/wp\/v2\/posts\/8629\/revisions"}],"wp:featuredmedia":[{"embeddable":true,"href":"https:\/\/www.graduacaobr.com.br\/estacio\/wp-json\/wp\/v2\/media\/8631"}],"wp:attachment":[{"href":"https:\/\/www.graduacaobr.com.br\/estacio\/wp-json\/wp\/v2\/media?parent=8629"}],"wp:term":[{"taxonomy":"category","embeddable":true,"href":"https:\/\/www.graduacaobr.com.br\/estacio\/wp-json\/wp\/v2\/categories?post=8629"},{"taxonomy":"post_tag","embeddable":true,"href":"https:\/\/www.graduacaobr.com.br\/estacio\/wp-json\/wp\/v2\/tags?post=8629"}],"curies":[{"name":"wp","href":"https:\/\/api.w.org\/{rel}","templated":true}]}}