{"id":9200,"date":"2014-07-23T00:00:00","date_gmt":"2014-07-23T00:00:00","guid":{"rendered":"https:\/\/www.posestacio.com.br\/?p=5419"},"modified":"2023-06-20T15:46:25","modified_gmt":"2023-06-20T18:46:25","slug":"o-que-lombalgiaij","status":"publish","type":"post","link":"https:\/\/www.graduacaobr.com.br\/estacio\/o-que-lombalgiaij\/","title":{"rendered":"O que \u00e9 Lombalgia?"},"content":{"rendered":"\n<p>O que \u00e9 Lombalgia?<br> \r\n  <br>\r\nA <a href=http:\/\/phortetv.com.br\/index>PhorteTV<\/a> entrevistou a professora de <a href=http:\/\/www.posestacio.com.br\/curso-de-pos-graduacao-area\/fisioterapia\/13>P\u00f3s em Fisioterapia<\/a>, Milena Carrijo Dutra, no intuito de desvendar os mist\u00e9rios das dores nas costa, sintoma esse que atinge 85% da popula\u00e7\u00e3o brasileira, segundo a OMS &#8211; Organiza\u00e7\u00e3o Mundial da Sa\u00fade. Com um curr\u00edculo acad\u00eamico e profissional recheado de experi\u00eancia e t\u00edtulos, como: gradua\u00e7\u00e3o em Fisioterapia, especialista em Fisioterapia Musculoesquel\u00e9tica com aprimoramento em coluna e traumatologia e RPG, experi\u00eancia na \u00e1rea de fisioterapia ortop\u00e9dica, traumatologia, neurol\u00f3gica, desportiva e laboral, Milena ajudou os internautas a identificar o que est\u00e1 causando aquele indesej\u00e1veis &nbsp;dor nas costas.<br>\r\n<br>\r\n<strong>E a primeira pergunta feita pela apresentador,&nbsp;D\u00e9bora&nbsp;Elias, foi:<br>\r\nPor que que a coluna do\u00ed?<\/strong><br>\r\n<br>\r\n<strong>Resposta Milena Dutra:<\/strong><br>\r\nPara desvendar os mist\u00e9rios das dores nas costa , nos temos um leque muito grande que ir\u00e1 abranger infinitos vari\u00e1veis. A primeira estrat\u00e9gia \u00e9 saber de onde vem essa dor, ou o que est\u00e1 causando essa lombalgia que na verdade, \u00e9 uma dor localizada na regi\u00e3o lombar. Antes de ser indicado sess\u00f5es de fisioterapia, o m\u00e9dico ter\u00e1 que procurar o que est\u00e1 causando essa lombalgia atrav\u00e9s de exames como: Raio X e Resson\u00e2ncia.<br>\r\n<br>\r\n<br>\r\n  <br> \r\n  Veja a entrevista completa sobre: O que \u00e9 Lombalgia?\r\n<\/p>\r\n<iframe width=50% height=360 src=http:\/\/cdn.livestream.com\/embed\/phortetv?layout=4&amp;clip=pla_9c478115-cfd1-4371-9aff-60303a483d9c&amp;height=360&amp;autoPlay=false&amp;mute=false style=border:0;outline:0 frameborder=0 scrolling=no><\/iframe>\t \n","protected":false},"excerpt":{"rendered":"<p>O que \u00e9 Lombalgia? A PhorteTV entrevistou a professora de P\u00f3s em Fisioterapia, Milena Carrijo Dutra, no intuito de desvendar os mist\u00e9rios das dores nas costa, sintoma esse que atinge 85% da popula\u00e7\u00e3o brasileira, segundo a OMS &#8211; Organiza\u00e7\u00e3o Mundial da Sa\u00fade. Com um curr\u00edculo acad\u00eamico e profissional recheado de experi\u00eancia e t\u00edtulos, como: gradua\u00e7\u00e3o [&hellip;]<\/p>\n","protected":false},"author":1,"featured_media":9202,"comment_status":"closed","ping_status":"open","sticky":false,"template":"","format":"standard","meta":{"footnotes":""},"categories":[1],"tags":[],"class_list":["post-9200","post","type-post","status-publish","format-standard","has-post-thumbnail","hentry","category-noticias"],"_links":{"self":[{"href":"https:\/\/www.graduacaobr.com.br\/estacio\/wp-json\/wp\/v2\/posts\/9200","targetHints":{"allow":["GET"]}}],"collection":[{"href":"https:\/\/www.graduacaobr.com.br\/estacio\/wp-json\/wp\/v2\/posts"}],"about":[{"href":"https:\/\/www.graduacaobr.com.br\/estacio\/wp-json\/wp\/v2\/types\/post"}],"author":[{"embeddable":true,"href":"https:\/\/www.graduacaobr.com.br\/estacio\/wp-json\/wp\/v2\/users\/1"}],"replies":[{"embeddable":true,"href":"https:\/\/www.graduacaobr.com.br\/estacio\/wp-json\/wp\/v2\/comments?post=9200"}],"version-history":[{"count":0,"href":"https:\/\/www.graduacaobr.com.br\/estacio\/wp-json\/wp\/v2\/posts\/9200\/revisions"}],"wp:featuredmedia":[{"embeddable":true,"href":"https:\/\/www.graduacaobr.com.br\/estacio\/wp-json\/wp\/v2\/media\/9202"}],"wp:attachment":[{"href":"https:\/\/www.graduacaobr.com.br\/estacio\/wp-json\/wp\/v2\/media?parent=9200"}],"wp:term":[{"taxonomy":"category","embeddable":true,"href":"https:\/\/www.graduacaobr.com.br\/estacio\/wp-json\/wp\/v2\/categories?post=9200"},{"taxonomy":"post_tag","embeddable":true,"href":"https:\/\/www.graduacaobr.com.br\/estacio\/wp-json\/wp\/v2\/tags?post=9200"}],"curies":[{"name":"wp","href":"https:\/\/api.w.org\/{rel}","templated":true}]}}