{"id":9560,"date":"2014-04-28T00:00:00","date_gmt":"2014-04-28T00:00:00","guid":{"rendered":"https:\/\/www.posestacio.com.br\/?p=5419"},"modified":"2023-06-20T15:46:25","modified_gmt":"2023-06-20T18:46:25","slug":"a-asma","status":"publish","type":"post","link":"https:\/\/www.graduacaobr.com.br\/estacio\/a-asma\/","title":{"rendered":"A Asma"},"content":{"rendered":"\nA asma \u00e9 uma doen\u00e7a cr\u00f4nica em que a inflama\u00e7\u00e3o das vias a\u00e9reas, ou br\u00f4nquios, afeta o modo como o ar entra e sai dos pulm\u00f5es, interrompendo assim a respira\u00e7\u00e3o. Quando al\u00e9rgenos ou irritantes entram em contato com as vias respirat\u00f3rias inflamadas, elas s\u00e3o contra\u00eddas, tornando dif\u00edcil a respira\u00e7\u00e3o. A asma afeta 300 milh\u00f5es de pessoas no mundo e cerca de 10% da popula\u00e7\u00e3o brasileira. Atualmente, n\u00e3o h\u00e1 cura, mas h\u00e1 medicamentos e mudan\u00e7as de estilo de vida que podem ajudar a aliviar os sintomas para que se possa levar uma vida normal.<br>\r\n<br>\r\nOs sintomas associados com asma s\u00e3o caracter\u00edsticos, mas a incid\u00eancia varia de pessoa para pessoa. A maioria experimenta tosse intensa nas primeiras horas da manh\u00e3 ou \u00e0 noite. O chiado e aperto no peito, outros sintomas sofridos por asm\u00e1ticos, causa falta de ar. Asma induzida por al\u00e9rgeno normalmente aparece em indiv\u00edduos jovens. Asma n\u00e3o al\u00e9rgica ocorre mais tarde, geralmente na meia-idade, e \u00e9 desencadeada por exerc\u00edcio, mudan\u00e7as clim\u00e1ticas ou infec\u00e7\u00f5es virais.<br>\r\n<br>\r\nA exposi\u00e7\u00e3o precoce a al\u00e9rgenos ou irritantes \u00e9 uma importante causa do desencadeamento de asma. A hereditariedade tamb\u00e9m tem um papel na predisposi\u00e7\u00e3o de certos grupos da popula\u00e7\u00e3o para a condi\u00e7\u00e3o cr\u00f4nica. Os al\u00e9rgenos que podem desencadear um ataque de asma incluem pelos de animais, p\u00f3len, mofo e poeira. Mudar a roupa de cama frequentemente, evitando mofo, ficar longe de animais de estima\u00e7\u00e3o, e evitar ficar ao ar livre durante os dias de vento s\u00e3o algumas das atitudes que uma pessoa pode fazer para eliminar as causas.<br>\r\n<br>\r\nA asma \u00e9 uma doen\u00e7a de ocorr\u00eancia comum, que pode ser grave e fatal se n\u00e3o for tratada corretamente. A vida n\u00e3o precisa parar se um m\u00e9dico diagnosticar que uma pessoa tem asma. Com os medicamentos corretos, acomoda\u00e7\u00f5es de estilo de vida e tratamento adequado, a pessoa pode viver uma vida saud\u00e1vel e ativa.\r\n\n","protected":false},"excerpt":{"rendered":"<p>A asma \u00e9 uma doen\u00e7a cr\u00f4nica em que a inflama\u00e7\u00e3o das vias a\u00e9reas, ou br\u00f4nquios, afeta o modo como o ar entra e sai dos pulm\u00f5es, interrompendo assim a respira\u00e7\u00e3o. Quando al\u00e9rgenos ou irritantes entram em contato com as vias respirat\u00f3rias inflamadas, elas s\u00e3o contra\u00eddas, tornando dif\u00edcil a respira\u00e7\u00e3o. A asma afeta 300 milh\u00f5es de [&hellip;]<\/p>\n","protected":false},"author":1,"featured_media":9562,"comment_status":"closed","ping_status":"open","sticky":false,"template":"","format":"standard","meta":{"footnotes":""},"categories":[1],"tags":[],"class_list":["post-9560","post","type-post","status-publish","format-standard","has-post-thumbnail","hentry","category-noticias"],"_links":{"self":[{"href":"https:\/\/www.graduacaobr.com.br\/estacio\/wp-json\/wp\/v2\/posts\/9560","targetHints":{"allow":["GET"]}}],"collection":[{"href":"https:\/\/www.graduacaobr.com.br\/estacio\/wp-json\/wp\/v2\/posts"}],"about":[{"href":"https:\/\/www.graduacaobr.com.br\/estacio\/wp-json\/wp\/v2\/types\/post"}],"author":[{"embeddable":true,"href":"https:\/\/www.graduacaobr.com.br\/estacio\/wp-json\/wp\/v2\/users\/1"}],"replies":[{"embeddable":true,"href":"https:\/\/www.graduacaobr.com.br\/estacio\/wp-json\/wp\/v2\/comments?post=9560"}],"version-history":[{"count":0,"href":"https:\/\/www.graduacaobr.com.br\/estacio\/wp-json\/wp\/v2\/posts\/9560\/revisions"}],"wp:featuredmedia":[{"embeddable":true,"href":"https:\/\/www.graduacaobr.com.br\/estacio\/wp-json\/wp\/v2\/media\/9562"}],"wp:attachment":[{"href":"https:\/\/www.graduacaobr.com.br\/estacio\/wp-json\/wp\/v2\/media?parent=9560"}],"wp:term":[{"taxonomy":"category","embeddable":true,"href":"https:\/\/www.graduacaobr.com.br\/estacio\/wp-json\/wp\/v2\/categories?post=9560"},{"taxonomy":"post_tag","embeddable":true,"href":"https:\/\/www.graduacaobr.com.br\/estacio\/wp-json\/wp\/v2\/tags?post=9560"}],"curies":[{"name":"wp","href":"https:\/\/api.w.org\/{rel}","templated":true}]}}