{"id":9875,"date":"2014-02-17T00:00:00","date_gmt":"2014-02-17T00:00:00","guid":{"rendered":"https:\/\/www.posestacio.com.br\/?p=5419"},"modified":"2023-06-20T15:46:25","modified_gmt":"2023-06-20T18:46:25","slug":"como-tratar-o-cansao-excessivo","status":"publish","type":"post","link":"https:\/\/www.graduacaobr.com.br\/estacio\/como-tratar-o-cansao-excessivo\/","title":{"rendered":"Como tratar o cansa\u00e7o excessivo"},"content":{"rendered":"\nVoc\u00ea est\u00e1 se sentindo muito cansado e sem energia para fazer as a\u00e7\u00f5es do dia-a-dia? O cansa\u00e7o excessivo pode estar sendo causada por fatores psicol\u00f3gico, f\u00edsico, m\u00e1 alimenta\u00e7\u00e3o, falta de exerc\u00edcio, noites de sono mal dormidas ou at\u00e9 mesmo um sinal de uma doen\u00e7a. A fadiga pode vir pelo cansa\u00e7o f\u00edsico ou pelo cansa\u00e7o emocional, o principal nessa hora \u00e9 identificar quais dos dois tipos de cansa\u00e7o voc\u00ea est\u00e1 sentindo.<br>\r\n<br>\r\n<strong>Cansa\u00e7o emocional<\/strong> &#8211; Isso acontece quando o <em>stress<\/em> se acumula na cabe\u00e7a, seja por conta do trabalho excessivo, press\u00e3o na hora de cumprir prazos ou at\u00e9 mesmo lidar com a morte de algu\u00e9m pr\u00f3ximo.&nbsp;<br>\r\n<br>\r\n<strong>Cansa\u00e7o f\u00edsico<\/strong> &#8211; Quando voc\u00ea passa o dia todo fazendo exerc\u00edcios f\u00edsicos seja no trabalho ou at\u00e9 mesmo como&nbsp;<i>Hobbies<\/i>&nbsp;e voc\u00ea n\u00e3o consegue nem erguer o bra\u00e7o ao fina do dia, isso pode ser um sinal de exerc\u00edcios excessivos e que podem estar causando cansa\u00e7o.<br>\r\n<br>\r\nSe voc\u00ea acorda cansado pela manh\u00e3, mas durante o dia voc\u00ea vai se sentindo melhor, d\u00ea uma olhada no que est\u00e1 acontecendo em sua vida emocional.&nbsp;A chave para o seu cansa\u00e7o pode ser na sua cabe\u00e7a.&nbsp;Caso durante o per\u00edodo da manh\u00e3 voc\u00ea se sente energizado e animado para aproveitar o seu dia, mas durante o final da tarde voc\u00ea come\u00e7a a perder o pique, provavelmente voc\u00ea est\u00e1 lidando com um problema f\u00edsico.<br>\r\n<br>\r\n<strong>Raz\u00f5es para a fadiga emocional:<\/strong><br>\r\n   <br>\r\n   <strong>Acumulo de tarefas<\/strong> &#8211; Quando voc\u00ea tem uma rotina cheia de tarefas do come\u00e7a ao fim, no qual essas obriga\u00e7\u00f5es lhe geram muito estresses pela responsabilidade. Essa press\u00e3o pode ser fator principal para sua mente cansada e a falta de energia para dia seguinte.<br> \r\n<br>\r\n  <strong>N\u00e3o ter tarefas<\/strong> &#8211; Soa estranho, mas o t\u00e9dio faz voc\u00ea ficar mais cansado ainda.&nbsp;Ser motivado para atingir objetivos adiciona uma fa\u00edsca para a sua vida.&nbsp;O segredo \u00e9 encontrar o equil\u00edbrio certo.<br>\r\n  <br>\r\n  <strong>Situa\u00e7\u00f5es estressantes<\/strong> &#8211; &nbsp;Muitas situa\u00e7\u00f5es podem causar irrita\u00e7\u00e3o, como mudar de emprego, mudar de cidade, uma prova ou at\u00e9 mesmo o fim de um relacionamento. Sempre encontre uma maneira ideal para enfrentar os seus problemas e caso n\u00e3o consiga sozinho, procure a ajuda de um psicologo.<br>\r\n  <br>\r\n  <strong>Depress\u00e3o<\/strong> &#8211; \r\nA doen\u00e7as que atingem a mente humana causam o cansa\u00e7o, a depress\u00e3o t\u00eam que ser acompanhadas e seus motivos t\u00eam que ser analisados e tratados por um psic\u00f3logo ou, em muitos casos, por um psiquiatra.<br>\r\n<br>\r\n<strong>Raz\u00f5es para a fadiga f\u00edsica:<br>\r\n<br>\r\nIgnorando os nutrientes necess\u00e1rios<\/strong> &#8211; As dietas de baixa calorias, jejum ou pular refei\u00e7\u00f5es por conta de uma rotina agitada pode contribuir para o cansa\u00e7o f\u00edsico.<br>\r\n<br>\r\n<strong>N\u00e3o dormir o suficiente<\/strong> &#8211; &nbsp;O recomendado por especialista do sono \u00e9 que uma boa noite de sono gira em torno de 7 \u00e0 8 horas, caso voc\u00ea esteja fazendo menos que isso e se sentindo cansado pela manh\u00e3, voc\u00ea pode estar precisando de mais horas de descanso por dia.<br>\r\n<br>\r\n<strong>N\u00e3o fazer exerc\u00edcio<\/strong> <strong>f\u00edsico<\/strong> &#8211; O exerc\u00edcio \u00e9 essencial para se sentir melhor, isso f\u00edsico e mentalmente.<br>\r\n<br>\r\n<strong>N\u00e3o tomar a quantidade necess\u00e1ria de \u00e1gua por dia<\/strong> &#8211;&nbsp;A desidrata\u00e7\u00e3o \u00e9 um fator grave que afeta a  energia do corpo.&nbsp;A alimenta\u00e7\u00e3o \u00e9 a base para oferecer ao corpo energia.<br>\r\n<br>\r\n<br>\r\nSiga as dicas e orienta\u00e7\u00f5es acima e se mesmo assim voc\u00ea continuar cansado, procure um especialista que lhe dar\u00e1 os exames para saber a causa do cansa\u00e7o. \n","protected":false},"excerpt":{"rendered":"<p>Voc\u00ea est\u00e1 se sentindo muito cansado e sem energia para fazer as a\u00e7\u00f5es do dia-a-dia? O cansa\u00e7o excessivo pode estar sendo causada por fatores psicol\u00f3gico, f\u00edsico, m\u00e1 alimenta\u00e7\u00e3o, falta de exerc\u00edcio, noites de sono mal dormidas ou at\u00e9 mesmo um sinal de uma doen\u00e7a. A fadiga pode vir pelo cansa\u00e7o f\u00edsico ou pelo cansa\u00e7o emocional, [&hellip;]<\/p>\n","protected":false},"author":1,"featured_media":9877,"comment_status":"closed","ping_status":"open","sticky":false,"template":"","format":"standard","meta":{"footnotes":""},"categories":[1],"tags":[],"class_list":["post-9875","post","type-post","status-publish","format-standard","has-post-thumbnail","hentry","category-noticias"],"_links":{"self":[{"href":"https:\/\/www.graduacaobr.com.br\/estacio\/wp-json\/wp\/v2\/posts\/9875","targetHints":{"allow":["GET"]}}],"collection":[{"href":"https:\/\/www.graduacaobr.com.br\/estacio\/wp-json\/wp\/v2\/posts"}],"about":[{"href":"https:\/\/www.graduacaobr.com.br\/estacio\/wp-json\/wp\/v2\/types\/post"}],"author":[{"embeddable":true,"href":"https:\/\/www.graduacaobr.com.br\/estacio\/wp-json\/wp\/v2\/users\/1"}],"replies":[{"embeddable":true,"href":"https:\/\/www.graduacaobr.com.br\/estacio\/wp-json\/wp\/v2\/comments?post=9875"}],"version-history":[{"count":0,"href":"https:\/\/www.graduacaobr.com.br\/estacio\/wp-json\/wp\/v2\/posts\/9875\/revisions"}],"wp:featuredmedia":[{"embeddable":true,"href":"https:\/\/www.graduacaobr.com.br\/estacio\/wp-json\/wp\/v2\/media\/9877"}],"wp:attachment":[{"href":"https:\/\/www.graduacaobr.com.br\/estacio\/wp-json\/wp\/v2\/media?parent=9875"}],"wp:term":[{"taxonomy":"category","embeddable":true,"href":"https:\/\/www.graduacaobr.com.br\/estacio\/wp-json\/wp\/v2\/categories?post=9875"},{"taxonomy":"post_tag","embeddable":true,"href":"https:\/\/www.graduacaobr.com.br\/estacio\/wp-json\/wp\/v2\/tags?post=9875"}],"curies":[{"name":"wp","href":"https:\/\/api.w.org\/{rel}","templated":true}]}}